{"id":2821992,"date":"2023-12-18T13:18:06","date_gmt":"2023-12-18T12:18:06","guid":{"rendered":"https:\/\/www.camping-le-calagogo.fr\/actu-camping-saint-cyprien\/tumba-de-antonio-machado\/"},"modified":"2024-01-25T11:54:10","modified_gmt":"2024-01-25T10:54:10","slug":"la-tumba-de-antonio-machado-en-collioure","status":"publish","type":"post","link":"https:\/\/www.camping-le-calagogo.fr\/ca\/novedades-del-camping-en-saint-cyprien\/la-tumba-de-antonio-machado-en-collioure\/","title":{"rendered":"La tomba d&#8217;Antonio Machado"},"content":{"rendered":"<section id=\"ls-section-block_989aa0c2a6ff7f6db1e147af18fc1ee1\" class=\"ls-section \" >\r\n        <div class=\"container container--wide\">\r\n        \n\n<h2 class=\"ls__heading wp-block-heading\">La mort d&#8217;Antonio Machado a Fran\u00e7a<\/h2>\n\n\n\n<p class=\"ls-paragraph\">Poeta espanyol nascut l&#8217;any 1875 a Sevilla, Antonio Machado \u00e9s un dels membres m\u00e9s prestigiosos de la Generaci\u00f3 del 98, un notable moviment literari de finals del segle XIX. Al seu torn, professor franc\u00e8s, poeta i dramaturg d&#8217;\u00e8xit, la seva vida es va capgirar despr\u00e9s del cop d&#8217;estat de 1936. I quan Franco va arribar al poder, Machado va fugir a Fran\u00e7a amb la seva mare i dos germans. Van arribar el 27 de gener de 1939 a Port-Bou i despr\u00e9s es van unir a Cotlliure, un enclavament dels <a href=\"https:\/\/www.camping-le-calagogo.fr\/ca\/turisme-pirineu-oriental\/\">Pirineus Orientals<\/a> on tamb\u00e9 es van instal\u00b7lar molts altres exiliats espanyols. Troben refugi a l&#8217;hotel Bougnol-Quintana, esperant una ajuda que mai arribar\u00e0. Esgotat i malalt, Antonio Machado hi va morir el 22 de febrer de 1939, nom\u00e9s 3 dies abans que la seva mare. El record del poeta encara hi roman.  <\/p>\n\n\n\n<iframe width=\"100%\" height=\"550\" src=\"https:\/\/www.youtube.com\/embed\/HokqT5hptnw?si=5bxzh0Ls6R6AsTuN\" title=\"Reproductor de v\u00eddeo de YouTube\" frameborder=\"0\" allow=\"accelerometer; autoplay; clipboard-write; encrypted-media; gyroscope; picture-in-picture; web-share\" allowfullscreen=\"\"><\/iframe>\n\n\n\n<h2 class=\"ls__heading wp-block-heading\">Cotlliure, la llar de Machado per l&#8217;eternitat<\/h2>\n\n\n\n<p class=\"ls-paragraph\">El pintoresc <a href=\"https:\/\/www.camping-le-calagogo.fr\/ca\/camping-collioure\/\">Cotlliure<\/a> va ser testimoni de la mort de l&#8217;escriptor, les restes del qual es troben al costat de la seva mare a l&#8217;antic cementiri de la ciutat. Tot i que diversos intel\u00b7lectuals i autoritats del pa\u00eds el van voler portar a Par\u00eds per enterrar-lo amb honors, la seva fam\u00edlia va preferir que descans\u00e9s en aquesta bonica ciutat costanera. El seu germ\u00e0 Emmanuel havia sentit un dels darrers desitjos del poeta: &#8220;Qui pugui viure darrere d&#8217;una d&#8217;aquestes finestres, ara lliure de tota preocupaci\u00f3&#8221;. Aquestes paraules, que va dir Machado mentre assenyalava les humils cases de pescadors de la platja, els van fer escollir aquest lloc perqu\u00e8 el poeta pogu\u00e9s &#8220;dormir el seu darrer somni&#8221;. Des d&#8217;aleshores, la tomba d&#8217;Antonio Machado a Cotlliure s&#8217;ha convertit en un lloc de pelegrinatge per als admiradors de la seva obra que acudeixen a meditar i recordar el seu llegat hum\u00e0 i po\u00e8tic. Emblema de l&#8217;exili, la tomba de Machado encara est\u00e0 decorat amb flors fresques, notes, poemes i banderes que ens recorden el motiu pel qual l&#8217;autor va haver d&#8217;exiliar-se.<\/p>\n\n\n\n<h2 class=\"ls__heading wp-block-heading\">Cotlliure, un lloc marcat per l&#8217;art i l&#8217;exili<\/h2>\n\n\n\n<p class=\"ls-paragraph\">Aquesta ciutat tamb\u00e9 va ser testimoni de la vida de molts dels compatriotes de l&#8217;autor. Alguns hi van viure les hores m\u00e9s amargues, quan l&#8217;imponent castell reial de Cotlliure es va convertir, un mes despr\u00e9s de la mort de Machado, en un camp disciplinari per a refugiats espanyols. Per\u00f2 tamb\u00e9 \u00e9s un espai d&#8217;art que ha inspirat artistes famosos com Derain, Picasso i Matisse, que constantment tornaven a Cotlliure per pintar els seus paisatges en els quals afirmaven trobar &#8220;tots els colors del Mediterrani&#8221;.<\/p>\n\n\n\n<p class=\"ls-paragraph\">La \u201cciutat dels pintors\u201d, que mant\u00e9 una estreta relaci\u00f3 amb el fauvisme, t\u00e9 molt d&#8217;encant als seus carrers. Les seves fa\u00e7anes acolorides, el seu patrimoni hist\u00f2ric i el seu port pesquer amb vistes a un mar blau l&#8217;han convertit en un dest\u00ed privilegiat per als admiradors del poeta sevill\u00e0 que va passar els seus \u00faltims dies passejant per les platges de Cotlliure, una ciutat embriagadora, plena de vida i llum. Una visita cultural que sens dubte us seduir\u00e0 durant la vostra <a href=\"https:\/\/www.camping-le-calagogo.fr\/ca\/\" data-type=\"page\" data-id=\"9\">estada en c\u00e0mping a Saint Cyprien<\/a> .<\/p>\n\n\r\n    <\/div>\r\n<\/section>","protected":false},"excerpt":{"rendered":"","protected":false},"author":1,"featured_media":2709134,"comment_status":"closed","ping_status":"closed","sticky":false,"template":"","format":"standard","meta":{"_acf_changed":false,"_seopress_robots_primary_cat":"none","_seopress_titles_title":"","_seopress_titles_desc":"","_seopress_robots_index":"","inline_featured_image":false,"footnotes":""},"categories":[74],"tags":[],"sujet":[],"class_list":["post-2821992","post","type-post","status-publish","format-standard","has-post-thumbnail","hentry","category-novedades-del-camping-en-saint-cyprien"],"acf":[],"_links":{"self":[{"href":"https:\/\/www.camping-le-calagogo.fr\/ca\/wp-json\/wp\/v2\/posts\/2821992","targetHints":{"allow":["GET"]}}],"collection":[{"href":"https:\/\/www.camping-le-calagogo.fr\/ca\/wp-json\/wp\/v2\/posts"}],"about":[{"href":"https:\/\/www.camping-le-calagogo.fr\/ca\/wp-json\/wp\/v2\/types\/post"}],"author":[{"embeddable":true,"href":"https:\/\/www.camping-le-calagogo.fr\/ca\/wp-json\/wp\/v2\/users\/1"}],"replies":[{"embeddable":true,"href":"https:\/\/www.camping-le-calagogo.fr\/ca\/wp-json\/wp\/v2\/comments?post=2821992"}],"version-history":[{"count":7,"href":"https:\/\/www.camping-le-calagogo.fr\/ca\/wp-json\/wp\/v2\/posts\/2821992\/revisions"}],"predecessor-version":[{"id":2827699,"href":"https:\/\/www.camping-le-calagogo.fr\/ca\/wp-json\/wp\/v2\/posts\/2821992\/revisions\/2827699"}],"wp:featuredmedia":[{"embeddable":true,"href":"https:\/\/www.camping-le-calagogo.fr\/ca\/wp-json\/wp\/v2\/media\/2709134"}],"wp:attachment":[{"href":"https:\/\/www.camping-le-calagogo.fr\/ca\/wp-json\/wp\/v2\/media?parent=2821992"}],"wp:term":[{"taxonomy":"category","embeddable":true,"href":"https:\/\/www.camping-le-calagogo.fr\/ca\/wp-json\/wp\/v2\/categories?post=2821992"},{"taxonomy":"post_tag","embeddable":true,"href":"https:\/\/www.camping-le-calagogo.fr\/ca\/wp-json\/wp\/v2\/tags?post=2821992"},{"taxonomy":"sujet","embeddable":true,"href":"https:\/\/www.camping-le-calagogo.fr\/ca\/wp-json\/wp\/v2\/sujet?post=2821992"}],"curies":[{"name":"wp","href":"https:\/\/api.w.org\/{rel}","templated":true}]}}