{"id":2821997,"date":"2023-12-18T13:18:12","date_gmt":"2023-12-18T12:18:12","guid":{"rendered":"https:\/\/www.camping-le-calagogo.fr\/actu-camping-saint-cyprien\/jardin-botanico-saint-cyprien\/"},"modified":"2024-01-23T17:09:05","modified_gmt":"2024-01-23T16:09:05","slug":"descubre-el-jardin-botanico-de-saint-cyprien","status":"publish","type":"post","link":"https:\/\/www.camping-le-calagogo.fr\/ca\/novedades-del-camping-en-saint-cyprien\/descubre-el-jardin-botanico-de-saint-cyprien\/","title":{"rendered":"Visiteu el Jardin des Plantes de Saint-Cyprien"},"content":{"rendered":"<section id=\"ls-section-block_8a095b772ad6d903a5c43cd1e135cd6d\" class=\"ls-section \" >\r\n        <div class=\"container container--wide\">\r\n        \n\n<p class=\"ls-paragraph\">T&#8217;agrada la natura i vols gaudir d&#8217;una <strong>pausa de relax i meravella<\/strong> en un entorn inoblidable? Trobeu-vos al <strong>Jardin des Plantes de Saint-Cyprien<\/strong> , a nom\u00e9s 20 minuts a peu del vostre <a href=\"https:\/\/www.camping-le-calagogo.fr\/ca\/\" data-type=\"page\" data-id=\"9\">c\u00e0mping Saint Cyprien Cala-Gogo<\/a> . Entre el mar Mediterrani i les muntanyes dels Pirineus orientals, aquest enclavament verd ser\u00e0 un dels destins preferits per a les vostres vacances a la regi\u00f3. <\/p>\n\n\n\n<h2 class=\"ls__heading wp-block-heading\">El jard\u00ed bot\u00e0nic de Saint-Cyprien i els seus voltants<\/h2>\n\n\n\n<p class=\"ls-paragraph\">Aquest cor verd de la <a href=\"https:\/\/www.camping-le-calagogo.fr\/ca\/turisme-saint-cyprien\/\">ciutat de Saint-Cyprien<\/a> obre les seves portes tot l&#8217;any i ofereix als seus visitants una <strong>experi\u00e8ncia m\u00e0gica<\/strong> , un oasi de pau i tranquil\u00b7litat enmig de la vegetaci\u00f3, on desconnectar i submergir-se de cap en un entorn natural de qualitat. <strong>Els aficionats a la bot\u00e0nica<\/strong> quedaran especialment fascinats per la descoberta de nombroses esp\u00e8cies, que es pot fer en el marc d&#8217;una visita guiada de juny a setembre. Aquesta activitat tamb\u00e9 \u00e9s apta per a fam\u00edlies pel seu <strong>vessant molt divertit i educatiu<\/strong> .<\/p>\n\n\n\n<p class=\"ls-paragraph\">Des del <a href=\"https:\/\/www.tourisme-saint-cyprien.com\/les-incontournables\/le-jardin-des-plantes\" target=\"_blank\" rel=\"noreferrer noopener\">Jardin des Plantes de Saint-Cyprien<\/a> , tamb\u00e9 podeu explorar els voltants de la ciutat, incloses ciutats com <a href=\"https:\/\/www.camping-le-calagogo.fr\/ca\/camping-perpinya\/\">Perpiny\u00e0<\/a> i <a href=\"https:\/\/www.camping-le-calagogo.fr\/ca\/camping-collioure\/\">Cotlliure<\/a> , que no es troben a m\u00e9s de 25 quil\u00f2metres del vostre punt de partida. El ric patrimoni cultural i les boniques platges de sorra estan a l&#8217;agenda d&#8217;aquestes localitats, aix\u00ed com de la ciutat de Saint-Cyprien.<\/p>\n\n\n\n          \n\n          <iframe width=\"100%\" height=\"550\" src=\"https:\/\/www.youtube.com\/embed\/F7Sq54u43L0?si=qCLTfCmypwKwRXzu\" title=\"Reproductor de v\u00eddeo de YouTube\" frameborder=\"0\" allow=\"accelerometer; autoplay; clipboard-write; encrypted-media; gyroscope; picture-in-picture; web-share\" allowfullscreen=\"\"><\/iframe>\n          \n\n        \n\n\n\n<h2 class=\"ls__heading wp-block-heading\">Un lloc carregat d&#8217;hist\u00f2ria<\/h2>\n\n\n\n<p class=\"ls-paragraph\">El Jardin des Plantes de Saint-Cyprien es troba al que va ser el <strong>parc de finals del segle XIX de la Villa des Capellans<\/strong> , on hi havia un castell constru\u00eft per la fam\u00edlia De Rovira, en una immensa finca destinada a l&#8217;explotaci\u00f3 agr\u00edcola. En aquest terreny sembla que tamb\u00e9 hi havia sigut al mateix temps un gran club h\u00edpic amb un gran nombre de cavalls. El terreny que haureu d&#8217;explorar durant la vostra visita s&#8217;est\u00e9n per m\u00e9s de 5 hect\u00e0rees.<\/p>\n\n\n\n<h2 class=\"ls__heading wp-block-heading\">Una multitud d&#8217;esp\u00e8cies centen\u00e0ries al jard\u00ed bot\u00e0nic<\/h2>\n\n\n\n<p class=\"ls-paragraph\">El parc de Saint-Cyprien, restaurat l&#8217;any 1998, <strong>acull una multitud de plantes<\/strong> . Hi ha unes 800 esp\u00e8cies diferents, entre les quals hi ha 35 esp\u00e8cies de palmeres, un jard\u00ed format per una gran varietat de roses, gran ligustre, bamb\u00fa, plantes aqu\u00e0tiques i cam\u00e8lies. <strong>Arbres centenaris<\/strong> s&#8217;alcen majestuosament al jard\u00ed bot\u00e0nic de Saint-Cyprien, incloses les impressionants palmeres de Xile. Peri\u00f2dicament s&#8217;introdueixen <strong>noves esp\u00e8cies<\/strong> al Jardin des Plantes per mantenir l&#8217;aspecte de descoberta per als visitants habituals.<\/p>\n\n\n\n<h2 class=\"ls__heading wp-block-heading\">Visita guiada per l&#8217;Embarcad\u00e8re<\/h2>\n\n\n\n<p class=\"ls-paragraph\">Per tal de facilitar el vostre progr\u00e9s dins del Jardin des Plantes de Saint-Cyprien, <strong>s&#8217;ha tra\u00e7at un cam\u00ed de fusta que guia la vostra visita al recinte<\/strong> . S&#8217;anomena l&#8217;Embarcad\u00e8re i serveix com a punt de refer\u00e8ncia per explorar les diferents zones del parc. Aquest cam\u00ed de fusta us guiar\u00e0 fins a la gran bassa del jard\u00ed bot\u00e0nic, on hi ha un bonic pont i cascades de flors.<\/p>\n\n\n\n<h2 class=\"ls__heading wp-block-heading\">Horari del Jardin des Plantes de Saint-Cyprien<\/h2>\n\n\n\n<p class=\"ls-paragraph\">Per tal de planificar millor la vostra <strong>visita al jard\u00ed bot\u00e0nic de Saint-Cyprien<\/strong> , tingueu en compte l&#8217;horari d&#8217;obertura en funci\u00f3 de la temporada de la vostra estada a la regi\u00f3. La visita \u00e9s gratu\u00efta de gener a desembre!<\/p>\n\n\n\n<ul class=\"ls-list wp-block-list\">\n<li>Entre novembre i febrer: de 13.30 a 17.00 h.<\/li>\n\n\n\n<li>Mar\u00e7, abril i octubre: de 13.30 a 18.00 h.<\/li>\n\n\n\n<li>Maig, juny i setembre: de 13.30 a 19.00 h.<\/li>\n\n\n\n<li>Juliol i agost: de 13.30 a 20.00 h.<\/li>\n\n\n\n<li>De <sup>l&#8217;1<\/sup> d&#8217;octubre al 31 de mar\u00e7: dilluns tancat<\/li>\n<\/ul>\n\n\n\n<p class=\"ls-paragraph\">Nom\u00e9s has de gaudir de la teva visita al Jardin des Plantes de Saint-Cyprien. Fes les maletes i cap al c\u00e0mping Cala Gogo!<\/p>\n\n\r\n    <\/div>\r\n<\/section>","protected":false},"excerpt":{"rendered":"","protected":false},"author":1,"featured_media":2824444,"comment_status":"closed","ping_status":"closed","sticky":false,"template":"","format":"standard","meta":{"_acf_changed":false,"_seopress_robots_primary_cat":"none","_seopress_titles_title":"","_seopress_titles_desc":"","_seopress_robots_index":"","inline_featured_image":false,"footnotes":""},"categories":[74],"tags":[],"sujet":[],"class_list":["post-2821997","post","type-post","status-publish","format-standard","has-post-thumbnail","hentry","category-novedades-del-camping-en-saint-cyprien"],"acf":[],"_links":{"self":[{"href":"https:\/\/www.camping-le-calagogo.fr\/ca\/wp-json\/wp\/v2\/posts\/2821997","targetHints":{"allow":["GET"]}}],"collection":[{"href":"https:\/\/www.camping-le-calagogo.fr\/ca\/wp-json\/wp\/v2\/posts"}],"about":[{"href":"https:\/\/www.camping-le-calagogo.fr\/ca\/wp-json\/wp\/v2\/types\/post"}],"author":[{"embeddable":true,"href":"https:\/\/www.camping-le-calagogo.fr\/ca\/wp-json\/wp\/v2\/users\/1"}],"replies":[{"embeddable":true,"href":"https:\/\/www.camping-le-calagogo.fr\/ca\/wp-json\/wp\/v2\/comments?post=2821997"}],"version-history":[{"count":13,"href":"https:\/\/www.camping-le-calagogo.fr\/ca\/wp-json\/wp\/v2\/posts\/2821997\/revisions"}],"predecessor-version":[{"id":2827623,"href":"https:\/\/www.camping-le-calagogo.fr\/ca\/wp-json\/wp\/v2\/posts\/2821997\/revisions\/2827623"}],"wp:featuredmedia":[{"embeddable":true,"href":"https:\/\/www.camping-le-calagogo.fr\/ca\/wp-json\/wp\/v2\/media\/2824444"}],"wp:attachment":[{"href":"https:\/\/www.camping-le-calagogo.fr\/ca\/wp-json\/wp\/v2\/media?parent=2821997"}],"wp:term":[{"taxonomy":"category","embeddable":true,"href":"https:\/\/www.camping-le-calagogo.fr\/ca\/wp-json\/wp\/v2\/categories?post=2821997"},{"taxonomy":"post_tag","embeddable":true,"href":"https:\/\/www.camping-le-calagogo.fr\/ca\/wp-json\/wp\/v2\/tags?post=2821997"},{"taxonomy":"sujet","embeddable":true,"href":"https:\/\/www.camping-le-calagogo.fr\/ca\/wp-json\/wp\/v2\/sujet?post=2821997"}],"curies":[{"name":"wp","href":"https:\/\/api.w.org\/{rel}","templated":true}]}}