{"id":2822002,"date":"2023-12-18T13:17:54","date_gmt":"2023-12-18T12:17:54","guid":{"rendered":"https:\/\/www.camping-le-calagogo.fr\/actu-camping-saint-cyprien\/que-ver-y-hacer-en-cadaques-en-un-fin-de-semana\/"},"modified":"2024-01-22T17:12:21","modified_gmt":"2024-01-22T16:12:21","slug":"que-ver-y-hacer-en-cadaques-en-un-fin-de-semana","status":"publish","type":"post","link":"https:\/\/www.camping-le-calagogo.fr\/ca\/novedades-del-camping-en-saint-cyprien\/que-ver-y-hacer-en-cadaques-en-un-fin-de-semana\/","title":{"rendered":"Visita a Cadaqu\u00e9s a Espanya"},"content":{"rendered":"<section id=\"ls-section-block_1ad6040b9a79f2383762b44e23081368\" class=\"ls-section \" >\r\n        <div class=\"container container--wide\">\r\n        \n\n<p class=\"ls-paragraph\">El sol del mat\u00ed aixeca gradualment el vel de les cases blanques i brillants i les seves persianes de colors. Els rams de flors cauen per les fa\u00e7anes i l&#8217;encant mediterrani de Cadaqu\u00e9s funciona. Per descobrir aquesta petita joia catalana, nom\u00e9s cal que seguiu la costa durant 70 km des del nostre <a href=\"https:\/\/www.camping-le-calagogo.fr\/ca\/\" data-type=\"page\" data-id=\"9\">c\u00e0mping a Saint-Cyprien<\/a> entre cales i cales de la costa de la Costa Brava. I el lloc val molt la pena una escapada!  <\/p>\n\n\n<div class=\"wp-block-image\">\n<figure class=\"aligncenter is-resized\"><img decoding=\"async\" src=\"https:\/\/www.camping-le-calagogo.fr\/wp-content\/uploads\/2023\/12\/15_cadaques.jpg\" alt=\"visitar cadaques\" class=\"wp-image-3645\" style=\"object-fit:cover;width:800px;height:300px\"\/><\/figure>\n<\/div>\n\n\n<h2 class=\"ls__heading wp-block-heading\">Cadaqu\u00e9s, tranquil i animat, us convida a passejar<\/h2>\n\n\n\n<p class=\"ls-paragraph\">Enclavat al cor d&#8217;una badia d&#8217;aig\u00fces blaves ideals per banyar-se, aquest poble de Catalunya \u00e9s fam\u00f3s per molts motius. Petit poble de pescadors amagat entre els penya-segats del mar Mediterrani, molt a prop de la frontera francesa.<\/p>\n\n\n\n<p class=\"ls-paragraph\">El seu passat medieval i la multitud de carrers empedrats en qu\u00e8 ens agrada perdre&#8217;s atrauen visitants. All\u00e0 podreu gaudir d&#8217;una magn\u00edfica panor\u00e0mica del Mediterrani, els seus colors i olors recorden una mica les illes gregues.<\/p>\n\n\n\n<p class=\"ls-paragraph\">Passejant pel centre hist\u00f2ric, l&#8217;esgl\u00e9sia g\u00f2tica de Santa Maria de Cadaqu\u00e9s delecta la vista i \u00e9s testimoni d&#8217;un passat convuls. Destru\u00eft durant el setge del poble per Barba Roja i els seus pirates turcs al segle XVI, va ser reconstru\u00eft amb els diners recaptats de campanyes de pesca no autoritzades. A l&#8217;interior, admirem l&#8217;estil barroc del seu immens retaule i el gran orgue que data de 1689, un dels m\u00e9s antics de Catalunya.<\/p>\n\n\n\n<h2 class=\"ls__heading wp-block-heading\">Cadaqu\u00e9s tamb\u00e9 sorpr\u00e8n per la diversitat de la seva arquitectura<\/h2>\n\n\n\n<p class=\"ls-paragraph\">Si el temple de Sant Baldiri constru\u00eft l&#8217;any 1702 \u00e9s d&#8217;estil barroc, el Casino d&#8217;Amistat constru\u00eft al segle <sup>XIX<\/sup> \u00e9s d&#8217;estil neocl\u00e0ssic.<\/p>\n\n\n\n<p class=\"ls-paragraph\">La ciutat deu el desenvolupament de viles d&#8217;estil modernista amb classe a principis del segle <sup>XX<\/sup> a primera l\u00ednia de mar als seus habitants que van tornar rics d&#8217;Am\u00e8rica i en particular de Cuba. La Casa Blaua de la fam\u00edlia Serinyana n&#8217;\u00e9s un bon exemple.<\/p>\n\n\n\n<p class=\"ls-paragraph\">Al costat del mar, hi ha dos fars que criden l&#8217;atenci\u00f3: al final del port de Lligat, la torre blanca de Cala Nans, encara activa encara que posada en servei el 19<sup>th<\/sup>  segle i, a la sortida de la badia, el far del Cap de Creus que data de 1853 que avui acull una zona d&#8217;informaci\u00f3 sobre el parc natural comarcal.<\/p>\n\n\n\n<h2 class=\"ls__heading wp-block-heading\">El cor de Cadaqu\u00e9s, encara marcat per Dal\u00ed<\/h2>\n\n\n\n<p class=\"ls-paragraph\">Al cor del poble, ens agrada demorar-nos a les galeries d&#8217;art i botigues molt antigues que han conservat el seu car\u00e0cter t\u00edpic. El poble est\u00e0 ple de botigues on destaquen l&#8217;artesania local, els llibres antics i la cer\u00e0mica.<\/p>\n\n\n\n<p class=\"ls-paragraph\">Per\u00f2 tamb\u00e9 s\u00f3n els caf\u00e8s els que fan bategar el cor de Cadaqu\u00e9s. Tradicionals i d&#8217;una antiga tradici\u00f3 grecoromana, residents i viatgers s&#8217;hi troben en un ambient c\u00e0lid. Sempre han estat el lloc predilecte de molts artistes com Marcel Duchamp o Dal\u00ed i les parets sovint estan adornades amb fotografies que testimonien el pas de celebritats.<\/p>\n\n\n\n<p class=\"ls-paragraph\">\u00c9s aqu\u00ed on el pintor surrealista Salvador Dal\u00ed va fer la seva llar durant m\u00e9s de 50 anys (1930-1982). La seva casa-taller a Port Lligat tamb\u00e9 s&#8217;ha convertit en un museu visitable amb reserva.<\/p>\n\n\n\n<h2 class=\"ls__heading wp-block-heading\">Les especialitats de Cadaqu\u00e9s<\/h2>\n\n\n\n<p class=\"ls-paragraph\">Finalment, un passeig per Cadaqu\u00e9s no tindria \u00e8xit sense tastar la cuina local. Els residents s\u00f3n gurmets i hi ha alguns restaurants gurmet de gran qualitat per descobrir al centre. Grans oportunitats per gaudir d&#8217;una cuina basada sempre en productes de temporada. Marisc, meros, escorp\u00ed, sardines, daurades i fins i tot llam\u00e0ntols i eri\u00e7ons de mar s\u00f3n en el punt de mira. L&#8217;anxova, fonamental a la cuina catalana, es conserva aqu\u00ed en una barreja de sal i pebre durant gaireb\u00e9 un any i la t\u00edpica salsa allioli sovint acompanya les carns a la brasa. I encara que no us atureu al voltant d&#8217;una taula, un desviament a la pastisseria \u00e9s imprescindible per regalar-vos un flam, una crema catalana o una deliciosa especialitat en forma de suro anomenada Taps .<\/p>\n\n\r\n    <\/div>\r\n<\/section>","protected":false},"excerpt":{"rendered":"","protected":false},"author":1,"featured_media":2824244,"comment_status":"open","ping_status":"open","sticky":false,"template":"","format":"standard","meta":{"_acf_changed":false,"_seopress_robots_primary_cat":"none","_seopress_titles_title":"","_seopress_titles_desc":"","_seopress_robots_index":"","inline_featured_image":false,"footnotes":""},"categories":[74],"tags":[],"sujet":[],"class_list":["post-2822002","post","type-post","status-publish","format-standard","has-post-thumbnail","hentry","category-novedades-del-camping-en-saint-cyprien"],"acf":[],"_links":{"self":[{"href":"https:\/\/www.camping-le-calagogo.fr\/ca\/wp-json\/wp\/v2\/posts\/2822002","targetHints":{"allow":["GET"]}}],"collection":[{"href":"https:\/\/www.camping-le-calagogo.fr\/ca\/wp-json\/wp\/v2\/posts"}],"about":[{"href":"https:\/\/www.camping-le-calagogo.fr\/ca\/wp-json\/wp\/v2\/types\/post"}],"author":[{"embeddable":true,"href":"https:\/\/www.camping-le-calagogo.fr\/ca\/wp-json\/wp\/v2\/users\/1"}],"replies":[{"embeddable":true,"href":"https:\/\/www.camping-le-calagogo.fr\/ca\/wp-json\/wp\/v2\/comments?post=2822002"}],"version-history":[{"count":6,"href":"https:\/\/www.camping-le-calagogo.fr\/ca\/wp-json\/wp\/v2\/posts\/2822002\/revisions"}],"predecessor-version":[{"id":2827245,"href":"https:\/\/www.camping-le-calagogo.fr\/ca\/wp-json\/wp\/v2\/posts\/2822002\/revisions\/2827245"}],"wp:featuredmedia":[{"embeddable":true,"href":"https:\/\/www.camping-le-calagogo.fr\/ca\/wp-json\/wp\/v2\/media\/2824244"}],"wp:attachment":[{"href":"https:\/\/www.camping-le-calagogo.fr\/ca\/wp-json\/wp\/v2\/media?parent=2822002"}],"wp:term":[{"taxonomy":"category","embeddable":true,"href":"https:\/\/www.camping-le-calagogo.fr\/ca\/wp-json\/wp\/v2\/categories?post=2822002"},{"taxonomy":"post_tag","embeddable":true,"href":"https:\/\/www.camping-le-calagogo.fr\/ca\/wp-json\/wp\/v2\/tags?post=2822002"},{"taxonomy":"sujet","embeddable":true,"href":"https:\/\/www.camping-le-calagogo.fr\/ca\/wp-json\/wp\/v2\/sujet?post=2822002"}],"curies":[{"name":"wp","href":"https:\/\/api.w.org\/{rel}","templated":true}]}}