{"id":2822022,"date":"2023-12-18T13:18:12","date_gmt":"2023-12-18T12:18:12","guid":{"rendered":"https:\/\/www.camping-le-calagogo.fr\/actu-camping-saint-cyprien\/el-clima-en-saint-cyprien\/"},"modified":"2024-01-12T14:13:05","modified_gmt":"2024-01-12T13:13:05","slug":"el-clima-en-saint-cyprien","status":"publish","type":"post","link":"https:\/\/www.camping-le-calagogo.fr\/ca\/actu-camping-saint-cyprien\/el-clima-en-saint-cyprien\/","title":{"rendered":"El clima en Saint Cyprien"},"content":{"rendered":"<section id=\"ls-section-block_71d5502346fc336b8302d0853f9f31e1\" class=\"ls-section \" >\r\n        <div class=\"container container--wide\">\r\n        \n\n<p class=\"ls-paragraph\">\u00bfEst\u00e1s pensando en tu pr\u00f3xima <strong>escapada a Saint Cyprien<\/strong>? Si quieres visitar esta ciudad del sur de Francia y a\u00fan no tienes fecha prevista \u00e9chale un vistazo a la <strong>climatolog\u00eda <\/strong>de la zona para elegir la \u00e9poca del a\u00f1o que m\u00e1s te guste. Seguro que un poco de informaci\u00f3n sobre el <strong>clima en Saint Cyprien <\/strong>te ser\u00e1 de ayuda para que tu decisi\u00f3n sea la acertada y le saques el m\u00e1ximo provecho a tus vacaciones. \u00a1Toma nota!<\/p>\n\n\n\n<h2 class=\"ls__heading wp-block-heading\">El clima en Saint Cyprien<\/h2>\n\n\n\n<p class=\"ls-paragraph\">Al igual que ocurre en otros muchos lugares el <strong>clima en Saint Cyprien<\/strong> varia bastante del verano al invierno. Por eso, si lo que buscas es disfrutar de actividades en la costa tendr\u00e1s que tener en cuenta que el <strong>periodo estival es relativamente corto<\/strong>. De todas formas, esta encantadora localidad en el litoral de los <strong>Pirineos Orientales<\/strong> tiene muchos otros atractivos para el visitante, al que sorprender\u00e1 con sus pintorescas calles que lo trasladan a la \u00e9poca medieval.<\/p>\n\n\n\n<p class=\"ls-paragraph\">Para que tengas una idea resumida de la <strong>meteo en Saint Cyprien<\/strong>, vamos a diferenciar entre la temporada c\u00e1lida y la temporada fresca, en las que las temperaturas oscilan entre los 5\u00b0C y los 28\u00b0C.<\/p>\n\n\n\n<h2 class=\"ls__heading wp-block-heading\">Temporada c\u00e1lida<\/h2>\n\n\n\n<p class=\"ls-paragraph\">Los veranos en <strong>Saint Cyprien<\/strong> son cortos en comparaci\u00f3n con los inviernos. Suelen ser <strong>calurosos y secos<\/strong>. Desde <strong>mediados de junio hasta la mitad de septiembre<\/strong> es la \u00e9poca m\u00e1s c\u00e1lida y templada, con temperaturas medias que rondan los <strong>28\u00b0C<\/strong>. Aunque es desde <strong>finales del mes de junio hasta \u00faltimos de agosto<\/strong> cuando las temperaturas est\u00e1n m\u00e1s altas, pudiendo llegar a&nbsp; los <strong>32\u00b0C<\/strong>.<\/p>\n\n\n\n<h2 class=\"ls__heading wp-block-heading\">Temporada fresca<\/h2>\n\n\n\n<p class=\"ls-paragraph\">Desde <strong>noviembre hasta mediados de marzo<\/strong> se da la temporada m\u00e1s fresca en <strong>Saint Cyprien<\/strong>, con una temperatura promedio que no supera los <strong>16\u00b0C<\/strong>. Los d\u00edas m\u00e1s fr\u00edos suelen concentrarse en <strong>enero<\/strong>, cuando el term\u00f3metro puede bajar hasta los <strong>5\u00b0C<\/strong>. En esta \u00e9poca, el tiempo suele ser bastante nublado y ventoso (sobre todo entre octubre y abril). En el mes de octubre es cuando se dan los d\u00edas m\u00e1s lluviosos del a\u00f1o.<\/p>\n\n\n\n<p class=\"ls-paragraph\">Est\u00e1 claro que si lo que quieres es hacer turismo al aire libre y disfrutar a tope de tu <strong>estancia en Saint Cyprien<\/strong> lo mejor ser\u00e1 que prepares tu escapada desde finales de mayo hasta finales de septiembre. Aunque no te olvides que viajar en \u00e9pocas menos concurridas tambi\u00e9n tiene muchas ventajas. Elige tu momento y prepara ya tus maletas, \u00a1cualquier \u00e9poca es buena para <strong>visitar Saint Cyprien<\/strong>!<\/p>\n\n\r\n    <\/div>\r\n<\/section>","protected":false},"excerpt":{"rendered":"","protected":false},"author":1,"featured_media":2824469,"comment_status":"closed","ping_status":"closed","sticky":false,"template":"","format":"standard","meta":{"_acf_changed":false,"_seopress_robots_primary_cat":"none","_seopress_titles_title":"","_seopress_titles_desc":"","_seopress_robots_index":"","inline_featured_image":false,"footnotes":""},"categories":[26,74],"tags":[],"sujet":[],"class_list":["post-2822022","post","type-post","status-publish","format-standard","has-post-thumbnail","hentry","category-actu-camping-saint-cyprien","category-novedades-del-camping-en-saint-cyprien"],"acf":[],"_links":{"self":[{"href":"https:\/\/www.camping-le-calagogo.fr\/ca\/wp-json\/wp\/v2\/posts\/2822022","targetHints":{"allow":["GET"]}}],"collection":[{"href":"https:\/\/www.camping-le-calagogo.fr\/ca\/wp-json\/wp\/v2\/posts"}],"about":[{"href":"https:\/\/www.camping-le-calagogo.fr\/ca\/wp-json\/wp\/v2\/types\/post"}],"author":[{"embeddable":true,"href":"https:\/\/www.camping-le-calagogo.fr\/ca\/wp-json\/wp\/v2\/users\/1"}],"replies":[{"embeddable":true,"href":"https:\/\/www.camping-le-calagogo.fr\/ca\/wp-json\/wp\/v2\/comments?post=2822022"}],"version-history":[{"count":3,"href":"https:\/\/www.camping-le-calagogo.fr\/ca\/wp-json\/wp\/v2\/posts\/2822022\/revisions"}],"predecessor-version":[{"id":2822647,"href":"https:\/\/www.camping-le-calagogo.fr\/ca\/wp-json\/wp\/v2\/posts\/2822022\/revisions\/2822647"}],"wp:featuredmedia":[{"embeddable":true,"href":"https:\/\/www.camping-le-calagogo.fr\/ca\/wp-json\/wp\/v2\/media\/2824469"}],"wp:attachment":[{"href":"https:\/\/www.camping-le-calagogo.fr\/ca\/wp-json\/wp\/v2\/media?parent=2822022"}],"wp:term":[{"taxonomy":"category","embeddable":true,"href":"https:\/\/www.camping-le-calagogo.fr\/ca\/wp-json\/wp\/v2\/categories?post=2822022"},{"taxonomy":"post_tag","embeddable":true,"href":"https:\/\/www.camping-le-calagogo.fr\/ca\/wp-json\/wp\/v2\/tags?post=2822022"},{"taxonomy":"sujet","embeddable":true,"href":"https:\/\/www.camping-le-calagogo.fr\/ca\/wp-json\/wp\/v2\/sujet?post=2822022"}],"curies":[{"name":"wp","href":"https:\/\/api.w.org\/{rel}","templated":true}]}}