{"id":2822145,"date":"2023-12-18T13:17:54","date_gmt":"2023-12-18T12:17:54","guid":{"rendered":"https:\/\/www.camping-le-calagogo.fr\/actu-camping-saint-cyprien\/las-aguilas-de-valmy-en-argeles\/"},"modified":"2024-01-12T14:13:08","modified_gmt":"2024-01-12T13:13:08","slug":"las-aguilas-de-valmy-en-argeles","status":"publish","type":"post","link":"https:\/\/www.camping-le-calagogo.fr\/ca\/actu-camping-saint-cyprien\/las-aguilas-de-valmy-en-argeles\/","title":{"rendered":"Las \u00e1guilas de Valmy en Arg\u00e8les"},"content":{"rendered":"<section id=\"ls-section-block_1a530e220bac038a4d1b37d42d4e0bdf\" class=\"ls-section \" >\r\n        <div class=\"container container--wide\">\r\n        \n\n<p class=\"ls-paragraph\">Desde hace m\u00e1s de veinte a\u00f1os, hay un espect\u00e1culo de lo m\u00e1s original que atrae a visitantes y residentes de Arg\u00e8les sur Mer y est\u00e1 a solo unos minutos de nuestro <a href=\"\/ca\/\">camping en los Pirineos Orientales<\/a>: las <a href=\"https:\/\/www.lesaiglesdevalmy.com\/\" target=\"_blank\" rel=\"noopener\">\u00e1guilas de Valmy<\/a>.<\/p>\n\n\n\n<h2 class=\"ls__heading wp-block-heading\">Pasi\u00f3n por la ornitolog\u00eda<\/h2>\n\n\n\n<p class=\"ls-paragraph\">Un equipo formado por profesionales de la ornitolog\u00eda trabaja de buena gana en este parque ornitol\u00f3gico del macizo de Alb\u00e8res para que sus visitantes puedan descubrir la aut\u00e9ntica naturaleza y las capacidades de rapaces, cig\u00fce\u00f1as y loros.<\/p>\n\n\n\n<p class=\"ls-paragraph\">Estas aves que todo el mundo conoce pero sobre las que la gente no sabe gran cosa ense\u00f1an aqu\u00ed sus sorprendentes capacidades y su fuerte car\u00e1cter.<\/p>\n\n\n\n<iframe width=\"100%\" height=\"550\" src=\"https:\/\/www.youtube.com\/embed\/FeskEqGn6Uk?si=nUxgrWnjHuVREugP\" title=\"YouTube video player\" frameborder=\"0\" allow=\"accelerometer; autoplay; clipboard-write; encrypted-media; gyroscope; picture-in-picture; web-share\" allowfullscreen><\/iframe>\n\n\n\n<h2 class=\"ls__heading wp-block-heading\">Docenas de aves y rapaces en Aigles de Valmy<\/h2>\n\n\n\n<p class=\"ls-paragraph\">Hay muchas aves de presa y rapaces nocturnas que podr\u00e1s admirar en la coreograf\u00eda que preparar\u00e1n los cetreros para la ocasi\u00f3n. Participan \u00e1guilas ratoneras, halcones, \u00e1guilas reales, \u00e1guilas calvas y buitres leonados de mirada penetrante y afiladas garras. Disfruta viendo c\u00f3mo vuelan, su habilidad, su envergadura y habla con sus cuidadores para saber c\u00f3mo se reproducen estos animales salvajes. Este espect\u00e1culo destaca la libertad de estas aves y pone de relieve tambi\u00e9n su fragilidad. Siente la emoci\u00f3n del p\u00fablico cuando sobrevuelen la grada y se sienten en una percha entre la gente.<\/p>\n\n\n\n<p class=\"ls-paragraph\">Adem\u00e1s, loros de varios colores, la joya del equipo, har\u00e1n de las suyas durante el show y, contra todo pron\u00f3stico, los buitres mostrar\u00e1n su sociabilidad caminando entre los espectadores.<\/p>\n\n\n\n<h2 class=\"ls__heading wp-block-heading\">Un parque original y pedag\u00f3gico en Arg\u00e8les sur Mer<\/h2>\n\n\n\n<p class=\"ls-paragraph\">El equipo de Aigles de Valmy, el parque ornitol\u00f3gico de los Pirineos Orientales, explica cosas sobre estas especies protegidas con amabilidad y pedagog\u00eda e incluso pide voluntarios entre los visitantes m\u00e1s j\u00f3venes que, orgullosos, podr\u00e1n contar luego c\u00f3mo llevaron una rapaz en el brazo o c\u00f3mo picote\u00f3 algo de carne de la palma de su mano.<\/p>\n\n\n\n<p class=\"ls-paragraph\">Cetreros y cuidadores organizan el espect\u00e1culo pensando en la capacidad natural de las rapaces y veremos c\u00f3mo vuelan \u00e1guilas y halcones.<\/p>\n\n\n\n<p class=\"ls-paragraph\">Gracias a las explicaciones claras, aprender\u00e1s muchas cosas sobre estas aves. Hay unos 80 ejemplares que nacieron en cautividad y forman parte de un programa de protecci\u00f3n para reintroducir individuos en su entorno natural.<\/p>\n\n\n\n<p class=\"ls-paragraph\">Si quieres profundizar, Aigles de Valmy ofrece talleres de media jornada durante los cuales puedes conocer mejor a cada familia de rapaces y donde aprender\u00e1s a llevarlas o a llamarlos a tu brazo. Una experiencia original y emotiva, ideal para adolescentes.<\/p>\n\n\n\n<p class=\"ls-paragraph\">Hay tambi\u00e9n una granja pedag\u00f3gica, espacios para jugar y una zona de picnic con sombra para que esta sea una salida l\u00fadica y educativa para toda la familia.<\/p>\n\n\n\n<h2 class=\"ls__heading wp-block-heading\">Horarios y tarifas<\/h2>\n\n\n\n<p class=\"ls-paragraph\">El parque Aigles de Valmy est\u00e1 en Chemin de Valmy &#8211; 66700 en Arg\u00e8les-sur-Mer. Abre en julio y agosto de 14 h a 18 h y el resto del a\u00f1o de 14:30 a 17 h. Est\u00e1 situado a dos minutos de Arg\u00e8les y a 20 minutos de Perpi\u00f1\u00e1n. El \u00faltimo pase para acceder al parque es 10 minutos despu\u00e9s de que empiece el \u00faltimo espect\u00e1culo de la jornada.<\/p>\n\n\n\n<ul class=\"ls-list wp-block-list\">\n<li>Tarifas individuales: adultos 11 \u20ac y ni\u00f1os y ni\u00f1as 7 \u20ac<\/li>\n\n\n\n<li>Tarifas de grupo (a partir de 15 personas): adultos 8,50 \u20ac y ni\u00f1os y ni\u00f1as 6 \u20ac<\/li>\n<\/ul>\n\n\n\n<p class=\"ls-paragraph\">Parking gratuito para autobuses y coches. No se permite acceso a animales. Hay souvenirs, bebidas, helados, etc. Acceso adaptado a personas con movilidad reducida para el espect\u00e1culo pero limitado por el parque.<\/p>\n\n\r\n    <\/div>\r\n<\/section>","protected":false},"excerpt":{"rendered":"","protected":false},"author":1,"featured_media":2822048,"comment_status":"closed","ping_status":"closed","sticky":false,"template":"","format":"standard","meta":{"_acf_changed":false,"_seopress_robots_primary_cat":"none","_seopress_titles_title":"","_seopress_titles_desc":"","_seopress_robots_index":"","inline_featured_image":false,"footnotes":""},"categories":[26,74],"tags":[],"sujet":[],"class_list":["post-2822145","post","type-post","status-publish","format-standard","has-post-thumbnail","hentry","category-actu-camping-saint-cyprien","category-novedades-del-camping-en-saint-cyprien"],"acf":[],"_links":{"self":[{"href":"https:\/\/www.camping-le-calagogo.fr\/ca\/wp-json\/wp\/v2\/posts\/2822145","targetHints":{"allow":["GET"]}}],"collection":[{"href":"https:\/\/www.camping-le-calagogo.fr\/ca\/wp-json\/wp\/v2\/posts"}],"about":[{"href":"https:\/\/www.camping-le-calagogo.fr\/ca\/wp-json\/wp\/v2\/types\/post"}],"author":[{"embeddable":true,"href":"https:\/\/www.camping-le-calagogo.fr\/ca\/wp-json\/wp\/v2\/users\/1"}],"replies":[{"embeddable":true,"href":"https:\/\/www.camping-le-calagogo.fr\/ca\/wp-json\/wp\/v2\/comments?post=2822145"}],"version-history":[{"count":5,"href":"https:\/\/www.camping-le-calagogo.fr\/ca\/wp-json\/wp\/v2\/posts\/2822145\/revisions"}],"predecessor-version":[{"id":2824233,"href":"https:\/\/www.camping-le-calagogo.fr\/ca\/wp-json\/wp\/v2\/posts\/2822145\/revisions\/2824233"}],"wp:featuredmedia":[{"embeddable":true,"href":"https:\/\/www.camping-le-calagogo.fr\/ca\/wp-json\/wp\/v2\/media\/2822048"}],"wp:attachment":[{"href":"https:\/\/www.camping-le-calagogo.fr\/ca\/wp-json\/wp\/v2\/media?parent=2822145"}],"wp:term":[{"taxonomy":"category","embeddable":true,"href":"https:\/\/www.camping-le-calagogo.fr\/ca\/wp-json\/wp\/v2\/categories?post=2822145"},{"taxonomy":"post_tag","embeddable":true,"href":"https:\/\/www.camping-le-calagogo.fr\/ca\/wp-json\/wp\/v2\/tags?post=2822145"},{"taxonomy":"sujet","embeddable":true,"href":"https:\/\/www.camping-le-calagogo.fr\/ca\/wp-json\/wp\/v2\/sujet?post=2822145"}],"curies":[{"name":"wp","href":"https:\/\/api.w.org\/{rel}","templated":true}]}}