{"id":2822197,"date":"2023-12-18T13:18:16","date_gmt":"2023-12-18T12:18:16","guid":{"rendered":"https:\/\/www.camping-le-calagogo.fr\/actu-camping-saint-cyprien\/lo-que-no-te-puedes-perder-en-banyuls-sur-mer\/"},"modified":"2024-01-12T14:13:03","modified_gmt":"2024-01-12T13:13:03","slug":"lo-que-no-te-puedes-perder-en-banyuls-sur-mer","status":"publish","type":"post","link":"https:\/\/www.camping-le-calagogo.fr\/ca\/actu-camping-saint-cyprien\/lo-que-no-te-puedes-perder-en-banyuls-sur-mer\/","title":{"rendered":"Lo que no te puedes perder en Banyuls-sur-Mer"},"content":{"rendered":"<section id=\"ls-section-block_106c0836ce0c694c520bf70bd12b3a1d\" class=\"ls-section \" >\r\n        <div class=\"container container--wide\">\r\n        \n\n<p class=\"ls-paragraph\">Este municipio occitano que hace frontera con Catalu\u00f1a es un destino tur\u00edstico de los m\u00e1s apreciados al otro lado de los Pirineos. No es para menos, tiene un poco de todo, para todos los gustos: mar y monta\u00f1a, actividad y calma. Aprovecha tu estancia en el <a href=\"\/ca\/\">camping Le Calagogo<\/a> para visitarla y descubrir todo lo que te puede ofrecer.<\/p>\n\n\n\n<h2 class=\"ls__heading wp-block-heading\">Las estatuas de Maillol<\/h2>\n\n\n\n<p class=\"ls-paragraph\">Aristide Maillot fue un escultor local de finales del siglo XIX, principios del XX cuyas esculturas ahora decoran varios paseos y avenidas de la ciudad. Este artista, considerado como el mejor escultor franc\u00e9s en su momento, da tambi\u00e9n nombre a un recorrido tur\u00edstico por Banyuls siguiendo sus pasos y visitando el barrio donde se cri\u00f3.<\/p>\n\n\n\n<h2 class=\"ls__heading wp-block-heading\">La reserva natural marina<\/h2>\n\n\n\n<p class=\"ls-paragraph\">Los <a href=\"https:\/\/www.camping-le-calagogo.fr\/ca\/turisme-pirineu-oriental\/\" data-type=\"page\" data-id=\"2708557\">Pirineos Orientales<\/a> fueron el lugar elegido para crear la primera reserva natural marina, en 1974. Desde 2018, la Reserva Natural Marina Cerb\u00e8re-Banyuls est\u00e1 en la lista verde de la IUCN y tiene el estatus de refugio mundial del mar del Instituto para la Conservaci\u00f3n Marina de Seattle. Es un lugar \u00fanico en Francia, de m\u00e1s de 600 hect\u00e1reas de extensi\u00f3n donde puedes hacer varias actividades deportivas y de observaci\u00f3n.<\/p>\n\n\n\n<h2 class=\"ls__heading wp-block-heading\">La fiesta de la vendimia<\/h2>\n\n\n\n<p class=\"ls-paragraph\">La cosecha m\u00e1s famosa de Francia tiene tambi\u00e9n una de las fiestas m\u00e1s queridas y apreciadas del pa\u00eds. En Banyuls tampoco la dejan de lado y se ofrecen todo tipo de actividades de cata y degustaci\u00f3n, talleres de maridaje y sabor, m\u00fasica y visitas especializadas a museos y bodegas, entre otros.<\/p>\n\n\n\n<iframe width=\"100%\" height=\"550\" src=\"https:\/\/www.youtube.com\/embed\/FOo93arUbo0?si=1RGlgce_osZWDNqh\" title=\"YouTube video player\" frameborder=\"0\" allow=\"accelerometer; autoplay; clipboard-write; encrypted-media; gyroscope; picture-in-picture; web-share\" allowfullscreen><\/iframe>\n\n\n\n<h2 class=\"ls__heading wp-block-heading\">Una ruta submarina<\/h2>\n\n\n\n<p class=\"ls-paragraph\">Esta original visita sale de la playa de Peyrefite, a 5 km de Banyuls rumbo a Cerb\u00e8re, y la puede hacer casi cualquiera ya que es submarinismo con esn\u00f3rquel. Sigue el recorrido marcado para ver qu\u00e9 se oculta entre las rocas de esta bah\u00eda. Son 250 metros que incluyen 5 puntos explicativos bajo el agua, nunca a m\u00e1s de 5 metros de profundidad para que puedas asomarte e informarte con un extra de aventura.<\/p>\n\n\n\n<h2 class=\"ls__heading wp-block-heading\">El camino del litoral<\/h2>\n\n\n\n<p class=\"ls-paragraph\">Esta ruta que recorre la costa mediterr\u00e1nea te llevar\u00e1 a Paulilles al norte o a Espa\u00f1a si prefieres ir al sur. Est\u00e1 marcado y te servir\u00e1 para embriagarte de los aromas del mar y de las plantas que bordean los acantilados. Disfruta de un paseo una tarde o monta una excursi\u00f3n m\u00e1s larga para conocer la regi\u00f3n.<\/p>\n\n\n\n<h2 class=\"ls__heading wp-block-heading\">El jard\u00edn mediterr\u00e1neo<\/h2>\n\n\n\n<p class=\"ls-paragraph\">Visita un aut\u00e9ntico jard\u00edn mediterr\u00e1neo y un magn\u00edfico acuario en el Biodiversarium, un espacio \u00fanico y original en este parque de 3 hect\u00e1reas. Cuenta con m\u00e1s de 300 especies de plantas mediterr\u00e1neas t\u00edpicas de la regi\u00f3n, adem\u00e1s de con una sala de exposiciones con fotos, v\u00eddeos y colecciones de insectos. Ideal para pasar una tarde en familia de forma tranquila y conocer mejor la flora y la fauna de Banyuls y sus alrededores.<\/p>\n\n\n\n<p class=\"ls-paragraph\">Con todo esto, tus vacaciones en Banyuls-sur-Mer ser\u00e1n inolvidables. Alterna actividad y descanso con estos lugares que no te puedes perder en los Pirineos Orientales.<\/p>\n\n\r\n    <\/div>\r\n<\/section>","protected":false},"excerpt":{"rendered":"","protected":false},"author":1,"featured_media":2824482,"comment_status":"closed","ping_status":"closed","sticky":false,"template":"","format":"standard","meta":{"_acf_changed":false,"_seopress_robots_primary_cat":"none","_seopress_titles_title":"","_seopress_titles_desc":"","_seopress_robots_index":"","inline_featured_image":false,"footnotes":""},"categories":[26,74],"tags":[],"sujet":[],"class_list":["post-2822197","post","type-post","status-publish","format-standard","has-post-thumbnail","hentry","category-actu-camping-saint-cyprien","category-novedades-del-camping-en-saint-cyprien"],"acf":[],"_links":{"self":[{"href":"https:\/\/www.camping-le-calagogo.fr\/ca\/wp-json\/wp\/v2\/posts\/2822197","targetHints":{"allow":["GET"]}}],"collection":[{"href":"https:\/\/www.camping-le-calagogo.fr\/ca\/wp-json\/wp\/v2\/posts"}],"about":[{"href":"https:\/\/www.camping-le-calagogo.fr\/ca\/wp-json\/wp\/v2\/types\/post"}],"author":[{"embeddable":true,"href":"https:\/\/www.camping-le-calagogo.fr\/ca\/wp-json\/wp\/v2\/users\/1"}],"replies":[{"embeddable":true,"href":"https:\/\/www.camping-le-calagogo.fr\/ca\/wp-json\/wp\/v2\/comments?post=2822197"}],"version-history":[{"count":8,"href":"https:\/\/www.camping-le-calagogo.fr\/ca\/wp-json\/wp\/v2\/posts\/2822197\/revisions"}],"predecessor-version":[{"id":2826617,"href":"https:\/\/www.camping-le-calagogo.fr\/ca\/wp-json\/wp\/v2\/posts\/2822197\/revisions\/2826617"}],"wp:featuredmedia":[{"embeddable":true,"href":"https:\/\/www.camping-le-calagogo.fr\/ca\/wp-json\/wp\/v2\/media\/2824482"}],"wp:attachment":[{"href":"https:\/\/www.camping-le-calagogo.fr\/ca\/wp-json\/wp\/v2\/media?parent=2822197"}],"wp:term":[{"taxonomy":"category","embeddable":true,"href":"https:\/\/www.camping-le-calagogo.fr\/ca\/wp-json\/wp\/v2\/categories?post=2822197"},{"taxonomy":"post_tag","embeddable":true,"href":"https:\/\/www.camping-le-calagogo.fr\/ca\/wp-json\/wp\/v2\/tags?post=2822197"},{"taxonomy":"sujet","embeddable":true,"href":"https:\/\/www.camping-le-calagogo.fr\/ca\/wp-json\/wp\/v2\/sujet?post=2822197"}],"curies":[{"name":"wp","href":"https:\/\/api.w.org\/{rel}","templated":true}]}}