{"id":2822241,"date":"2023-12-18T13:18:26","date_gmt":"2023-12-18T12:18:26","guid":{"rendered":"https:\/\/www.camping-le-calagogo.fr\/actu-camping-saint-cyprien\/el-parque-natural-marino-del-golfo-de-leon\/"},"modified":"2024-01-22T15:40:29","modified_gmt":"2024-01-22T14:40:29","slug":"el-parque-natural-marino-del-golfo-de-leon","status":"publish","type":"post","link":"https:\/\/www.camping-le-calagogo.fr\/ca\/novedades-del-camping-en-saint-cyprien\/el-parque-natural-marino-del-golfo-de-leon\/","title":{"rendered":"Parc Natural Mar\u00ed del Golf del Lle\u00f3"},"content":{"rendered":"<section id=\"ls-section-block_03705e307fa37f7092a955377789f6c4\" class=\"ls-section \" >\r\n        <div class=\"container container--wide\">\r\n        \n\n<p class=\"ls-paragraph\">Estenent-se pel mar Mediterrani, des del nord-est d&#8217;Espanya fins aproximadament a Tol\u00f3, el <strong>golf de Lle\u00f3<\/strong> t\u00e9 una fauna i una flora fr\u00e0gils, alhora que \u00e9s una zona molt explotada per l&#8217;home. Durant les teves <a href=\"https:\/\/www.camping-le-calagogo.fr\/ca\/\" data-type=\"page\" data-id=\"9\">vacances al c\u00e0mping Cala Gogo de Saint-Cyprien<\/a> , et banyar\u00e0s a <strong>les aig\u00fces del Golf del Lle\u00f3<\/strong> , un espai natural avui protegit pel <strong>Parc Natural Mar\u00ed del Golf del Lle\u00f3<\/strong> .  <\/p>\n\n\n\n<h2 class=\"ls__heading wp-block-heading\">Els objectius del Parc Natural Mar\u00ed del Golf<\/h2>\n\n\n\n<p class=\"ls-paragraph\">Per tal de <strong>protegir la biodiversitat de la Costa Vermeille<\/strong> i garantir la seva gesti\u00f3, el 2011 es va crear el <strong>Parc Natural Mar\u00ed del Golf del Lle\u00f3<\/strong> . La seva seu es troba a Argel\u00e8s-sur-Mer, al departament dels Pirineus Orientals. \u00c9s el principal parc mar\u00ed del mar Mediterrani. No cobreix tot el golf, sin\u00f3 nom\u00e9s els cent quil\u00f2metres de costa al llarg de la costa Vermeille entre Aude i els Pirineus Orientals (m\u00e9s precisament entre Leucate i Cerb\u00e8re), fins a uns 60 km mar endins, \u00e9s a dir, 4.010 km\u00b2 de superf\u00edcie.<\/p>\n\n\n\n<p class=\"ls-paragraph\">El treball del parc se centra en 3 objectius principals:<\/p>\n\n\n\n<ul class=\"ls-list wp-block-list\">\n<li><strong>coneixement del medi mar\u00ed<\/strong> i dels seus diferents h\u00e0bitats (canyons, prats marins, arenals);<\/li>\n\n\n\n<li>la <strong>protecci\u00f3 de la biodiversitat<\/strong> que alberga, \u00e9s a dir, no menys de 1.200 esp\u00e8cies animals i 500 esp\u00e8cies vegetals;<\/li>\n\n\n\n<li>la <strong>contribuci\u00f3 al desenvolupament sostenible<\/strong> de les activitats mar\u00edtimes al litoral, perill quotidi\u00e0 per al m\u00f3n mar\u00ed i les seves esp\u00e8cies.<\/li>\n<\/ul>\n\n\n\n          \n\n          <iframe width=\"100%\" height=\"550\" src=\"https:\/\/www.youtube.com\/embed\/Wse4xoc4-Xg?si=4LNkfo7MEgx5jS-e\" title=\"Reproductor de v\u00eddeo de YouTube\" frameborder=\"0\" allow=\"accelerometer; autoplay; clipboard-write; encrypted-media; gyroscope; picture-in-picture; web-share\" allowfullscreen=\"\"><\/iframe>\n          \n\n        \n\n\n\n<h2 class=\"ls__heading wp-block-heading\">Les diferents missions realitzades al Golf<\/h2>\n\n\n\n<p class=\"ls-paragraph\">Per dur a terme els seus diferents projectes al golf, al llarg de les costes dels Pirineus Orientals, els agents del parc han de con\u00e8ixer b\u00e9 el mar. Aix\u00f2 inclou els <strong>h\u00e0bitats presents i les esp\u00e8cies animals i vegetals<\/strong> que hi viuen. Les esp\u00e8cies ex\u00f2tiques, capaces de desequilibrar aquest entorn natural, estan sota estreta vigil\u00e0ncia. Es controla regularment la <strong>qualitat de l&#8217;aigua<\/strong> i el litoral.<\/p>\n\n\n\n<p class=\"ls-paragraph\">Per refor\u00e7ar la protecci\u00f3 de les esp\u00e8cies, la direcci\u00f3 del parc s&#8217;esfor\u00e7a per <strong>crear diferents zones de protecci\u00f3<\/strong> . Gestiona espais naturals i zones d&#8217;ancoratge per preservar coralls i h\u00e0bitats submarins. Un equip d&#8217;inspectors s&#8217;encarrega del <strong>control de les activitats humanes<\/strong> (pesca, submarinisme, navegaci\u00f3) al llarg de la costa dels Pirineus Orientals, a la platja i als ports d&#8217;Argel\u00e8s-sur-Mer, Cotlliure, Saint-Cyprien i tots els altres. balnearis. Vetlla pel compliment de les lleis i normatives ambientals establertes, sota l&#8217;autoritat del Ministeri Fiscal,<\/p>\n\n\n\n<p class=\"ls-paragraph\">Informar i combatre <strong>la contaminaci\u00f3<\/strong> tamb\u00e9 formen part de les missions d&#8217;aquests inspectors. Diversos projectes se centren en el desenvolupament sostenible d&#8217;activitats econ\u00f2miques vinculades a l&#8217;espai mar\u00ed, ja siguin tur\u00edstiques, artesanals o comercials. Aix\u00f2 implica reduir els residus marins i donar suport a la pesca professional i la pesca recreativa als ports i en alta mar.<\/p>\n\n\n\n<p class=\"ls-paragraph\">Des de fa uns quants anys, el parc est\u00e0 implicat, amb diversos socis, en el premuntatge del <strong>vaixell Port-Vendres 1<\/strong> , que es va enfonsar fa uns 2.400 anys, i en l&#8217;activitat tur\u00edstica que se&#8217;n deriva. Per tant, posar en valor el patrimoni cultural regional \u00e9s una de les moltes missions de la gesti\u00f3 del <a href=\"https:\/\/parc-marin-golfe-lion.fr\/\" target=\"_blank\" rel=\"noopener\">Parc Natural Mar\u00ed del Golf del Lle\u00f3<\/a> .<\/p>\n\n\n<div class=\"wp-block-image\">\n<figure class=\"aligncenter size-full is-resized\"><img decoding=\"async\" width=\"954\" height=\"375\" src=\"https:\/\/www.camping-le-calagogo.fr\/wp-content\/uploads\/2023\/12\/golfe-du-lion-st-cyprien.jpg\" alt=\"golf de lle&#xF3; st cyprien\" class=\"wp-image-2823177\" style=\"object-fit:cover;width:800px;height:300px\" srcset=\"https:\/\/www.camping-le-calagogo.fr\/wp-content\/uploads\/2023\/12\/golfe-du-lion-st-cyprien.jpg 954w, https:\/\/www.camping-le-calagogo.fr\/wp-content\/uploads\/2023\/12\/golfe-du-lion-st-cyprien-300x118.jpg 300w, https:\/\/www.camping-le-calagogo.fr\/wp-content\/uploads\/2023\/12\/golfe-du-lion-st-cyprien-768x302.jpg 768w\" sizes=\"(max-width: 954px) 100vw, 954px\" \/><\/figure>\n<\/div>\n\n\n<h2 class=\"ls__heading wp-block-heading\">El parc, un actor important de l&#8217;Oficina francesa de la Biodiversitat<\/h2>\n\n\n\n<p class=\"ls-paragraph\">El Parc Natural Mar\u00ed del Golf del Lle\u00f3 \u00e9s un dels <strong>8 parcs naturals marins que forma part de l&#8217;OFB<\/strong> , l&#8217;Oficina francesa de la biodiversitat. L&#8217;OFB \u00e9s una ag\u00e8ncia p\u00fablica la missi\u00f3 de la qual \u00e9s controlar, preservar, gestionar i restaurar la biodiversitat terrestre, aqu\u00e0tica i marina a Fran\u00e7a. Tamb\u00e9 s&#8217;ocupa de la gesti\u00f3 de l&#8217;aigua. La seva missi\u00f3 \u00e9s cient\u00edfica, biol\u00f2gica i ecol\u00f2gica. La direcci\u00f3 del parc treballa estretament amb la <strong>direcci\u00f3 regional situada a Tolosa<\/strong> .<\/p>\n\n\n\n<p class=\"ls-paragraph\">No dubteu a visitar el lloc web del parc abans del vostre <strong>viatge al mar Mediterrani<\/strong> per obtenir m\u00e9s informaci\u00f3. Tamb\u00e9 trobareu un calendari d&#8217;actes proposats, not\u00edcies sobre el parc i la seva gesti\u00f3, aix\u00ed com diversos consells per a les persones de vacances a Saint-Cyprien, Cotlliure, Perpiny\u00e0, Canet-en-Roussillon o Port-Vendres, a les magn\u00edfiques platges de la costa Vermeille.<\/p>\n\n\r\n    <\/div>\r\n<\/section>","protected":false},"excerpt":{"rendered":"","protected":false},"author":1,"featured_media":2823183,"comment_status":"closed","ping_status":"open","sticky":false,"template":"","format":"standard","meta":{"_acf_changed":false,"_seopress_robots_primary_cat":"none","_seopress_titles_title":"","_seopress_titles_desc":"","_seopress_robots_index":"","inline_featured_image":false,"footnotes":""},"categories":[74],"tags":[],"sujet":[],"class_list":["post-2822241","post","type-post","status-publish","format-standard","has-post-thumbnail","hentry","category-novedades-del-camping-en-saint-cyprien"],"acf":[],"_links":{"self":[{"href":"https:\/\/www.camping-le-calagogo.fr\/ca\/wp-json\/wp\/v2\/posts\/2822241","targetHints":{"allow":["GET"]}}],"collection":[{"href":"https:\/\/www.camping-le-calagogo.fr\/ca\/wp-json\/wp\/v2\/posts"}],"about":[{"href":"https:\/\/www.camping-le-calagogo.fr\/ca\/wp-json\/wp\/v2\/types\/post"}],"author":[{"embeddable":true,"href":"https:\/\/www.camping-le-calagogo.fr\/ca\/wp-json\/wp\/v2\/users\/1"}],"replies":[{"embeddable":true,"href":"https:\/\/www.camping-le-calagogo.fr\/ca\/wp-json\/wp\/v2\/comments?post=2822241"}],"version-history":[{"count":5,"href":"https:\/\/www.camping-le-calagogo.fr\/ca\/wp-json\/wp\/v2\/posts\/2822241\/revisions"}],"predecessor-version":[{"id":2827155,"href":"https:\/\/www.camping-le-calagogo.fr\/ca\/wp-json\/wp\/v2\/posts\/2822241\/revisions\/2827155"}],"wp:featuredmedia":[{"embeddable":true,"href":"https:\/\/www.camping-le-calagogo.fr\/ca\/wp-json\/wp\/v2\/media\/2823183"}],"wp:attachment":[{"href":"https:\/\/www.camping-le-calagogo.fr\/ca\/wp-json\/wp\/v2\/media?parent=2822241"}],"wp:term":[{"taxonomy":"category","embeddable":true,"href":"https:\/\/www.camping-le-calagogo.fr\/ca\/wp-json\/wp\/v2\/categories?post=2822241"},{"taxonomy":"post_tag","embeddable":true,"href":"https:\/\/www.camping-le-calagogo.fr\/ca\/wp-json\/wp\/v2\/tags?post=2822241"},{"taxonomy":"sujet","embeddable":true,"href":"https:\/\/www.camping-le-calagogo.fr\/ca\/wp-json\/wp\/v2\/sujet?post=2822241"}],"curies":[{"name":"wp","href":"https:\/\/api.w.org\/{rel}","templated":true}]}}