{"id":2822243,"date":"2023-12-18T13:18:26","date_gmt":"2023-12-18T12:18:26","guid":{"rendered":"https:\/\/www.camping-le-calagogo.fr\/actu-camping-saint-cyprien\/senderismo-por-la-torre-madeloc\/"},"modified":"2024-01-12T14:13:02","modified_gmt":"2024-01-12T13:13:02","slug":"senderismo-por-la-torre-madeloc","status":"publish","type":"post","link":"https:\/\/www.camping-le-calagogo.fr\/ca\/actu-camping-saint-cyprien\/senderismo-por-la-torre-madeloc\/","title":{"rendered":"Senderismo por la torre Madeloc"},"content":{"rendered":"<section id=\"ls-section-block_096b556b1edf3801a58edfe1e46f3431\" class=\"ls-section \" >\r\n        <div class=\"container container--wide\">\r\n        \n\n<p class=\"ls-paragraph\">Al sur de Argel\u00e8s-sur-Mer, caminantes aficionados y aguerridos senderistas exploran a pie el macizo de los Alb\u00e8res y sus magn\u00edficos paisajes para apreciar la zona que rodea la <i>tour <\/i>Madeloc. La torre Madeloc es una torre medieval situada a 650 metros de altura con una vista sobre el litoral que te deja con la boca abierta. Si quieres conocer la torre Madeloc, los Pirineos y el macizo de los Alb\u00e8res durante tus vacaciones en el <a href=\"\/ca\/\">camping de Saint Cyprien<\/a>, en este art\u00edculo te daremos algo de informaci\u00f3n sobre cu\u00e1les son las 10 mejores rutas de senderismo alrededor de la torre Madeloc. Por supuesto, son gratis.<\/p>\n\n\n\n<h2 class=\"ls__heading wp-block-heading\">De Collioure a la torre Madeloc<\/h2>\n\n\n\n<p class=\"ls-paragraph\">Este circuito de algo m\u00e1s de 15 km sale de la capitan\u00eda de Collioure y sube hasta la torre Madeloc, desde donde podr\u00e1s ver el litoral y los Pirineos. Calcula entre seis y siete horas de caminata.<\/p>\n\n\n\n<h2 class=\"ls__heading wp-block-heading\">La torre Madeloc f\u00e1cil<\/h2>\n\n\n\n<p class=\"ls-paragraph\">Una ruta de senderismo de menos de 4 km entre la ida y la vuelta, saliendo de Les Casernes de Gauche para llegar a la torre Madeloc en unos 45 min.<\/p>\n\n\n\n<h2 class=\"ls__heading wp-block-heading\">Desde Coll de la Serra a la torre Madeloc<\/h2>\n\n\n\n<p class=\"ls-paragraph\">Este circuito sale del aparcamiento de Coll de la Serra al norte de la torre Madeloc. Se tardan unas tres horas y media en recorrer los 7,9 km de senderismo. Para volver hay que ir por la cara oeste.<\/p>\n\n\n\n<h2 class=\"ls__heading wp-block-heading\">Por las vi\u00f1as que hay bajo la torre Madeloc<\/h2>\n\n\n\n<p class=\"ls-paragraph\">Para hacer esta ruta de senderismo de unos 20 km, necesitar\u00e1s al menos media jornada, as\u00ed que toma un buen desayuno porque ser\u00e1 la actividad principal del d\u00eda. Sale de Port-Vendres al sur de Collioure y cruza los vi\u00f1edos de Banyuls-sur-Mer. Puedes subir a la torre desde la Batterie de la Gallina.<\/p>\n\n\n\n<h2 class=\"ls__heading wp-block-heading\">Del Coll des Gascons a Puig Sallfort<\/h2>\n\n\n\n<p class=\"ls-paragraph\">Este sendero circular de 12 km es dif\u00edcil y a veces no est\u00e1 se\u00f1alizado pero tiene unos paisajes espectaculares. Sale del Coll des Gascons, sube hasta Puig Sallfort al oeste por la GR10 y vuelve subiendo a la torre Madeloc antes de volver a bajar al Coll des Gascons. Hay que calcularle unas 6 horas.<\/p>\n\n\n<div class=\"wp-block-image\">\n<figure class=\"aligncenter size-full is-resized\"><img decoding=\"async\" width=\"954\" height=\"400\" src=\"https:\/\/www.camping-le-calagogo.fr\/wp-content\/uploads\/2023\/12\/randonnee-madeloc.jpg\" alt=\"randonnee madeloc\" class=\"wp-image-2823166\" style=\"object-fit:cover;width:800px;height:300px\" srcset=\"https:\/\/www.camping-le-calagogo.fr\/wp-content\/uploads\/2023\/12\/randonnee-madeloc.jpg 954w, https:\/\/www.camping-le-calagogo.fr\/wp-content\/uploads\/2023\/12\/randonnee-madeloc-300x126.jpg 300w, https:\/\/www.camping-le-calagogo.fr\/wp-content\/uploads\/2023\/12\/randonnee-madeloc-768x322.jpg 768w\" sizes=\"(max-width: 954px) 100vw, 954px\" \/><\/figure>\n<\/div>\n\n\n<h2 class=\"ls__heading wp-block-heading\">Del valle Heureuse al Puig dels Quatre Termes<\/h2>\n\n\n\n<p class=\"ls-paragraph\">Este recorrido circular de 16 km es dif\u00edcil, con gran desnivel por sus cuestas empinadas y cruzando torrentes, pero da la oportunidad de ver varios paisajes sin igual. Sale del valle Heureuse, en Sor\u00e8de, y toma el G10 para cruzar la frontera espa\u00f1ola, subir al puig dels Quatre Termes y al Coll de l&#8217;Arany\u00f3, que culmina a 899 metros.<\/p>\n\n\n\n<h2 class=\"ls__heading wp-block-heading\">Del parque de Valmy a la capilla Saint-Laurent-du-Mont<\/h2>\n\n\n\n<p class=\"ls-paragraph\">Esta ruta de dificultad media te lleva al macizo de los Alb\u00e8res desde Arg\u00e8les-sur-Mer. Sale desde el aparcamiento del parque de Valmy, pasa por la mas\u00eda d&#8217;en Pard\u00e8s y la capilla de Saint-Laurent-du-Mont. Se tardan unas dos horas y media en recorrer los 6 km de marcha.<\/p>\n\n\n\n<h2 class=\"ls__heading wp-block-heading\">Del Coll des Gascos al Puig de Sallfort<\/h2>\n\n\n\n<p class=\"ls-paragraph\">Esta ruta te gustar\u00e1 si te gustan las rutas con desnivel. Sale del parking del Coll des Gascons, pasa por la torre Madeloc y sube al Puig dels Quatre Termes, a 1154 metros de altura. Luego, pasa por el Puig de Sallfort antes de volver. Para esta magn\u00edfica ruta de senderismo hay que calcular 8 horas y media, un buen d\u00eda de senderismo.<\/p>\n\n\n\n<h2 class=\"ls__heading wp-block-heading\">Descubrir las colomates<\/h2>\n\n\n\n<p class=\"ls-paragraph\">Las <em>colomates<\/em> son las caba\u00f1as que utilizaban los pastores en los Pirineos Orientales para pasar las noches. Si sales de la aldea El Rimbau, al norte de la torre Madeloc, encontrar\u00e1s una ruta bastante dif\u00edcil pero que da una preciosa vuelta de 15,5 km, por magn\u00edficos lugares, que ofrece una vista del Puig Sallfort a mitad del recorrido, cerca de las <em>colomates<\/em>.<\/p>\n\n\n\n<h2 class=\"ls__heading wp-block-heading\">Por la cima de Collioure<\/h2>\n\n\n\n<p class=\"ls-paragraph\">Para esta ruta de menos de 10 km hay que contar unas 4 horas de paseo. Sus vistas son muy bonitas, en especial las que dan a la bah\u00eda de Collioure. Saliendo de Collioure, subes a la ermita de Notre-Dame de Consolation, pasamos por el fuerte Dugommier y despu\u00e9s por la almazara de Collioure, antes de volver a la ciudad.<\/p>\n\n\r\n    <\/div>\r\n<\/section>","protected":false},"excerpt":{"rendered":"","protected":false},"author":1,"featured_media":2823161,"comment_status":"closed","ping_status":"closed","sticky":false,"template":"","format":"standard","meta":{"_acf_changed":false,"_seopress_robots_primary_cat":"none","_seopress_titles_title":"","_seopress_titles_desc":"","_seopress_robots_index":"","inline_featured_image":false,"footnotes":""},"categories":[26,74],"tags":[],"sujet":[],"class_list":["post-2822243","post","type-post","status-publish","format-standard","has-post-thumbnail","hentry","category-actu-camping-saint-cyprien","category-novedades-del-camping-en-saint-cyprien"],"acf":[],"_links":{"self":[{"href":"https:\/\/www.camping-le-calagogo.fr\/ca\/wp-json\/wp\/v2\/posts\/2822243","targetHints":{"allow":["GET"]}}],"collection":[{"href":"https:\/\/www.camping-le-calagogo.fr\/ca\/wp-json\/wp\/v2\/posts"}],"about":[{"href":"https:\/\/www.camping-le-calagogo.fr\/ca\/wp-json\/wp\/v2\/types\/post"}],"author":[{"embeddable":true,"href":"https:\/\/www.camping-le-calagogo.fr\/ca\/wp-json\/wp\/v2\/users\/1"}],"replies":[{"embeddable":true,"href":"https:\/\/www.camping-le-calagogo.fr\/ca\/wp-json\/wp\/v2\/comments?post=2822243"}],"version-history":[{"count":4,"href":"https:\/\/www.camping-le-calagogo.fr\/ca\/wp-json\/wp\/v2\/posts\/2822243\/revisions"}],"predecessor-version":[{"id":2823175,"href":"https:\/\/www.camping-le-calagogo.fr\/ca\/wp-json\/wp\/v2\/posts\/2822243\/revisions\/2823175"}],"wp:featuredmedia":[{"embeddable":true,"href":"https:\/\/www.camping-le-calagogo.fr\/ca\/wp-json\/wp\/v2\/media\/2823161"}],"wp:attachment":[{"href":"https:\/\/www.camping-le-calagogo.fr\/ca\/wp-json\/wp\/v2\/media?parent=2822243"}],"wp:term":[{"taxonomy":"category","embeddable":true,"href":"https:\/\/www.camping-le-calagogo.fr\/ca\/wp-json\/wp\/v2\/categories?post=2822243"},{"taxonomy":"post_tag","embeddable":true,"href":"https:\/\/www.camping-le-calagogo.fr\/ca\/wp-json\/wp\/v2\/tags?post=2822243"},{"taxonomy":"sujet","embeddable":true,"href":"https:\/\/www.camping-le-calagogo.fr\/ca\/wp-json\/wp\/v2\/sujet?post=2822243"}],"curies":[{"name":"wp","href":"https:\/\/api.w.org\/{rel}","templated":true}]}}