{"id":2822250,"date":"2023-12-18T13:18:26","date_gmt":"2023-12-18T12:18:26","guid":{"rendered":"https:\/\/www.camping-le-calagogo.fr\/actu-camping-saint-cyprien\/las-playas-de-argeles-sur-mer\/"},"modified":"2024-01-25T13:32:51","modified_gmt":"2024-01-25T12:32:51","slug":"les-platges-dargeles-sur-mer","status":"publish","type":"post","link":"https:\/\/www.camping-le-calagogo.fr\/ca\/novedades-del-camping-en-saint-cyprien\/les-platges-dargeles-sur-mer\/","title":{"rendered":"Les platges d&#8217;Argel\u00e8s-sur-Mer"},"content":{"rendered":"<section id=\"ls-section-block_edf76a6c7a48f43d51e079eaf5ca106e\" class=\"ls-section  has-m-t m-t-0 has-m-b m-b-0 has-m-l m-l-0 has-m-r m-r-0 has-p-t p-t-0 has-p-b p-b-0 has-p-l p-l-0 has-p-r p-r-0\" >\r\n        <div class=\"container \">\r\n        \n\n<p class=\"ls-paragraph\">Coneguda amb els noms d&#8217;Argeler o Argelers de la Marenda, <strong>Argel\u00e8s-sur-Mer<\/strong> \u00e9s un municipi franc\u00e8s situat als Pirineus orientals. Un dels destins de vacances preferits a Fran\u00e7a, Argel\u00e8s-sur-Mer t\u00e9 <strong>una de les platges m\u00e9s boniques de la zona<\/strong> . Aix\u00ed doncs, si busqueu <strong>una estaci\u00f3 costanera al Rossell\u00f3<\/strong> , trieu aquesta costa <strong>a les portes d&#8217;Espanya<\/strong> . Durant la teva estada al <a href=\"https:\/\/www.camping-le-calagogo.fr\/ca\/\" data-type=\"page\" data-id=\"9\">c\u00e0mping de Saint-Cyprien<\/a> , tria un establiment que ofereixi <strong>una relaci\u00f3 qualitat\/preu m\u00e9s que interessant,<\/strong> com els c\u00e0mpings de 5 estrelles. Aix\u00ed doncs, deixa les maletes amb els peus a l&#8217;aigua i gaudeix de les platges d&#8217;Argel\u00e8s-sur-Mer que s\u00f3n les seg\u00fcents: <\/p>\n\n\n\n<h2 class=\"ls__heading wp-block-heading\">Platja sud<\/h2>\n\n\n\n<p class=\"ls-paragraph\">Aquesta platja \u00e9s un lloc ideal si voleu <strong>una platja al mig de la ciutat<\/strong> . Es troba entre el port i la Place Centrale. Correspon a l&#8217;\u00faltima platja d&#8217;aquest sector abans <strong>d&#8217;accedir al port de la ciutat<\/strong> . Ofereix <strong>una vista dels millors restaurants i bars<\/strong> de la zona. Troba tamb\u00e9 algunes <strong>activitats per fer amb la teva fam\u00edlia<\/strong> durant les teves vacances, com ara sessions de caiac.<br\/>A m\u00e9s, si sou uns aficionats a la fotografia, opteu per aquesta platja, que \u00e9s l&#8217;\u00faltima abans del port. \u00c9s a prop del parc d&#8217;exposicions fotogr\u00e0fiques de la ciutat. De fet, Arg\u00e8les Photo Nature es troba entre <strong>les moltes riqueses culturals<\/strong> del Rossell\u00f3.<\/p>\n\n\n<div class=\"wp-block-image\">\n<figure class=\"aligncenter is-resized\"><img decoding=\"async\" src=\"https:\/\/www.camping-le-calagogo.fr\/wp-content\/uploads\/2023\/12\/16_plages-argeles-sur-mer.jpg\" alt=\"Platges d'Argeles sur mer\" class=\"wp-image-228328\" style=\"object-fit:cover;width:800px;height:300px\"\/><\/figure>\n<\/div>\n\n\n<h2 class=\"ls__heading wp-block-heading\">La platja de les cales de Porteil<\/h2>\n\n\n\n<p class=\"ls-paragraph\">Situada a la carretera de Cotlliure, <strong>la platja de les cales \u00e9s imprescindible<\/strong> si veniu de vacances en fam\u00edlia. Es troba al sud de l&#8217;estaci\u00f3 mar\u00edtima i \u00e9s <strong>la cala m\u00e9s gran d&#8217;Argel\u00e8s-sur-Mer<\/strong> . Amb una cala principal de 180 metres, aquesta platja \u00e9s \u00fanica en el seu g\u00e8nere als Pirineus orientals per oferir <strong>una vista inigualable<\/strong> . La platja de les cales est\u00e0 classificada com a platja de tipus salvatge. Aix\u00ed doncs, si voleu una mica d&#8217;aventura des del vostre c\u00e0mping, opteu per una escapada a aquesta platja. Trobeu <strong>activitats interessants<\/strong> all\u00e0 com el surf o el busseig. La platja situada just despr\u00e9s de les cales \u00e9s Cotlliure.<\/p>\n\n\n\n<h2 class=\"ls__heading wp-block-heading\">Platja del Pin<\/h2>\n\n\n\n<p class=\"ls-paragraph\">Com el seu nom indica, la <strong>platja dels Pins d&#8217;Argel\u00e8s-sur-Mer<\/strong> es troba prop del bosc del Bois de Pins. Si busques una platja equipada, mira a Plage des Pins. Es troba entre les platges amb <strong>el segell Handiplage<\/strong> i ofereix <strong>espais pensats<\/strong> per a una major comoditat.<\/p>\n\n\n\n<p class=\"ls-paragraph\">A m\u00e9s, la seva especificitat a l&#8217;estaci\u00f3 costanera \u00e9s que es troba a prop del casino. Per tant, si busqueu un lloc que <strong>ofereixi tant una platja com un casino<\/strong> a Fran\u00e7a, trieu Plage des Pins a Argel\u00e8s-sur-Mer. Aquest \u00faltim tamb\u00e9 ofereix <strong>una llar d&#8217;infants<\/strong> si veniu de vacances amb nens petits al Pirineu Oriental. A m\u00e9s, tens l&#8217;opci\u00f3 d&#8217;activitats gr\u00e0cies al <strong>seu centre n\u00e0utic<\/strong> .<\/p>\n\n\n\n<h2 class=\"ls__heading wp-block-heading\">Platja de Racou a Argel\u00e8s-sur-Mer<\/h2>\n\n\n\n<p class=\"ls-paragraph\">Si durant la teva estada al <strong>c\u00e0mping als Pirineus Orientals<\/strong> vols anar a una platja tranquil\u00b7la, opta per la platja de Racou. Marcant el l\u00edmit entre les grans platges del Rossell\u00f3 i <strong>les petites cales de Vermeille<\/strong> , no \u00e9s molt transitada. A m\u00e9s, pel que fa a les activitats, t&#8217;ofereix m\u00e9s de 3 coses per escollir: surf, volei platja, nataci\u00f3, vela, etc. A m\u00e9s, la platja de Racou \u00e9s ideal si voleu fer <strong>una escapada amb el vostre gos<\/strong> . Tot i que alguns establiments propers no ho permeten, la platja ofereix l&#8217;acc\u00e9s autoritzat als gossos.<\/p>\n\n\n\n<p class=\"ls-paragraph\">\n          <iframe src=\"https:\/\/www.google.com\/maps\/d\/embed?mid=1NEwyXAcX2zYnbW6uhkghifdOZc9Twak&amp;ehbc=2E312F\" width=\"100%\" height=\"480\">\n            <span data-mce-type=\"bookmark\" style=\"display: inline-block; width: 0px; overflow: hidden; line-height: 0;\" class=\"mce_SELRES_start\"><\/span>\n          <\/iframe>\n        <\/p>\n\n\r\n    <\/div>\r\n<\/section>","protected":false},"excerpt":{"rendered":"","protected":false},"author":1,"featured_media":2823154,"comment_status":"closed","ping_status":"closed","sticky":false,"template":"","format":"standard","meta":{"_acf_changed":false,"_seopress_robots_primary_cat":"none","_seopress_titles_title":"","_seopress_titles_desc":"","_seopress_robots_index":"","inline_featured_image":false,"footnotes":""},"categories":[74],"tags":[],"sujet":[],"class_list":["post-2822250","post","type-post","status-publish","format-standard","has-post-thumbnail","hentry","category-novedades-del-camping-en-saint-cyprien"],"acf":[],"_links":{"self":[{"href":"https:\/\/www.camping-le-calagogo.fr\/ca\/wp-json\/wp\/v2\/posts\/2822250","targetHints":{"allow":["GET"]}}],"collection":[{"href":"https:\/\/www.camping-le-calagogo.fr\/ca\/wp-json\/wp\/v2\/posts"}],"about":[{"href":"https:\/\/www.camping-le-calagogo.fr\/ca\/wp-json\/wp\/v2\/types\/post"}],"author":[{"embeddable":true,"href":"https:\/\/www.camping-le-calagogo.fr\/ca\/wp-json\/wp\/v2\/users\/1"}],"replies":[{"embeddable":true,"href":"https:\/\/www.camping-le-calagogo.fr\/ca\/wp-json\/wp\/v2\/comments?post=2822250"}],"version-history":[{"count":14,"href":"https:\/\/www.camping-le-calagogo.fr\/ca\/wp-json\/wp\/v2\/posts\/2822250\/revisions"}],"predecessor-version":[{"id":2827731,"href":"https:\/\/www.camping-le-calagogo.fr\/ca\/wp-json\/wp\/v2\/posts\/2822250\/revisions\/2827731"}],"wp:featuredmedia":[{"embeddable":true,"href":"https:\/\/www.camping-le-calagogo.fr\/ca\/wp-json\/wp\/v2\/media\/2823154"}],"wp:attachment":[{"href":"https:\/\/www.camping-le-calagogo.fr\/ca\/wp-json\/wp\/v2\/media?parent=2822250"}],"wp:term":[{"taxonomy":"category","embeddable":true,"href":"https:\/\/www.camping-le-calagogo.fr\/ca\/wp-json\/wp\/v2\/categories?post=2822250"},{"taxonomy":"post_tag","embeddable":true,"href":"https:\/\/www.camping-le-calagogo.fr\/ca\/wp-json\/wp\/v2\/tags?post=2822250"},{"taxonomy":"sujet","embeddable":true,"href":"https:\/\/www.camping-le-calagogo.fr\/ca\/wp-json\/wp\/v2\/sujet?post=2822250"}],"curies":[{"name":"wp","href":"https:\/\/api.w.org\/{rel}","templated":true}]}}