{"id":2822331,"date":"2023-12-18T13:18:33","date_gmt":"2023-12-18T12:18:33","guid":{"rendered":"https:\/\/www.camping-le-calagogo.fr\/actu-camping-saint-cyprien\/tradicion-catalana\/"},"modified":"2024-01-22T15:01:42","modified_gmt":"2024-01-22T14:01:42","slug":"tradicion-catalana-8-costumbres-que-debes-conocer","status":"publish","type":"post","link":"https:\/\/www.camping-le-calagogo.fr\/ca\/novedades-del-camping-en-saint-cyprien\/tradicion-catalana-8-costumbres-que-debes-conocer\/","title":{"rendered":"Tradici\u00f3 catalana: 8 costums per con\u00e8ixer"},"content":{"rendered":"<section id=\"ls-section-block_8c32e532034bba6ab1a2974fc0a2093e\" class=\"ls-section \" >\r\n        <div class=\"container \">\r\n        \n\n<p class=\"ls-paragraph\"><span style=\"font-weight: 400;\">Somies amb descobrir la<\/span> tradici\u00f3 catalana<span style=\"font-weight: 400;\">  ? Cap a Espanya! Tanmateix, si no voleu sortir de Fran\u00e7a, haur\u00edeu d&#8217;anar a Saint-Cyprien, una localitat francesa situada a la costa catalana. Els seus carrers acullen moltes festes tradicionals que venen directament de Catalunya. Gaudeix de la teva estada a  <\/span><a href=\"https:\/\/www.camping-le-calagogo.fr\/ca\/\" data-type=\"page\" data-id=\"9\"><span style=\"font-weight: 400;\">C\u00e0mping Cala Gogo<\/span><\/a> <span style=\"font-weight: 400;\">, a Saint-Cyprien, per descobrir-los tots.<\/span> <\/p>\n\n\n\n<p class=\"ls-paragraph\"><span style=\"font-weight: 400;\">Aqu\u00ed teniu les<\/span> 8 millors tradicions catalanes <span style=\"font-weight: 400;\">per con\u00e8ixer!<\/span><\/p>\n\n\n<div class=\"wp-block-image\">\n<figure class=\"aligncenter is-resized\"><img decoding=\"async\" src=\"https:\/\/www.camping-le-calagogo.fr\/wp-content\/uploads\/2023\/12\/14_les-traditions-catalanes.jpg\" alt=\"tradici&#xF3; catalana\" class=\"wp-image-2629320\" style=\"object-fit:cover;width:800px;height:300px\"\/><\/figure>\n<\/div>\n\n\n<h2 class=\"ls__heading wp-block-heading\">\n          <strong>Els Goigs<\/strong>\n        <\/h2>\n\n\n\n<p class=\"ls-paragraph\"><span style=\"font-weight: 400;\">Vol dir alegria en catal\u00e0, els goigs s\u00f3n una<\/span> tradici\u00f3 catalana<span style=\"font-weight: 400;\">  molt important. S\u00f3n famosos  <\/span>himnes po\u00e8tics  <span style=\"font-weight: 400;\">cantada en cerim\u00f2nies religioses i festes votives&#8230; Si aquesta tradici\u00f3 ve de l&#8217;Edat Mitjana, molts pobles encara la practiquen avui a Catalunya. A la part francesa, \u00e9s al pa\u00eds catal\u00e0 on escoltareu aquestes can\u00e7ons populars.<\/span><\/p>\n\n\n\n<h2 class=\"ls__heading wp-block-heading\">\n          <strong>Els Castells<\/strong>\n        <\/h2>\n\n\n\n<p class=\"ls-paragraph\"><span style=\"font-weight: 400;\">Procedents d&#8217;una llarga<\/span> tradici\u00f3 catalana <span style=\"font-weight: 400;\">, els Castells consisteixen a pujar uns sobre les altres per<\/span> construir una torre humana.<span style=\"font-weight: 400;\">. Des del segle XVIII, els castells s\u00f3n una de les tradicions m\u00e9s arrelades a Catalunya, especialment a Barcelona. Tindr\u00e0s l&#8217;oportunitat de descobrir aquest bonic  <\/span>Tradici\u00f3 catalana <span style=\"font-weight: 400;\">durant la teva estada al nostre<\/span> <a href=\"https:\/\/www.camping-le-calagogo.fr\/ca\/camping-costat-del-mar-llenguadoc-rossello\/\" data-type=\"page\" data-id=\"40\"><span style=\"font-weight: 400;\">c\u00e0mping al Llenguadoc-Rossell\u00f3 al costat del mar<\/span><\/a> <span style=\"font-weight: 400;\">.<\/span><\/p>\n\n\n\n<h2 class=\"ls__heading wp-block-heading\">\n          <strong>La Sardana<\/strong>\n        <\/h2>\n\n\n\n<p class=\"ls-paragraph\"><span style=\"font-weight: 400;\">T&#8217;agrada ballar? Dirigiu-vos a la catedral de Barcelona, \u200b\u200bon es reuneix la gent per a la sardana<\/span>  dansa tradicional catalana<span style=\"font-weight: 400;\">. Aquesta dansa tan tranquil\u00b7la uneix a tothom. El seu principi? Formem un cercle que representa la fraternitat, tot marcat per m\u00fasica tradicional en directe.<\/span><\/p>\n\n\n\n<h2 class=\"ls__heading wp-block-heading\">\n          <strong>Els Correfocs<\/strong>\n        <\/h2>\n\n\n\n<p class=\"ls-paragraph\"><span style=\"font-weight: 400;\">Correfocs \u00e9s una<\/span> tradici\u00f3 catalana  <span style=\"font-weight: 400;\">molt popular, sobretot a Barcelona. Es tracta d&#8217;un festival durant el qual els participants corren sent  <\/span>disfressats de dimonis  <span style=\"font-weight: 400;\">i encendre focs artificials. Contr\u00e0riament al que es podria pensar, aquesta festa simbolitza l&#8217;alegria a trav\u00e9s de balls i disfresses agosarades.<\/span><\/p>\n\n\n\n<h2 class=\"ls__heading wp-block-heading\">\n          <strong>Patufet<\/strong>\n        <\/h2>\n\n\n\n<p class=\"ls-paragraph\"><span style=\"font-weight: 400;\">Patufet! Aqu\u00ed en teniu un<\/span>  tradici\u00f3 catalana<span style=\"font-weight: 400;\">  que els nens estimen. \u00c9s, de fet, a  <\/span>conte tenyit d&#8217;humor<span style=\"font-weight: 400;\">  que recorre les aventures d&#8217;un nen molt petit anomenat Patufet. Als nens els agrada pel seu final feli\u00e7. Aquesta hist\u00f2ria t\u00e9, a m\u00e9s, tant d&#8217;\u00e8xit a Catalunya que la seva lectura es troba entre les<\/span>  <span style=\"font-weight: 400;\">tradicions catalanes essencials per als nens.<\/span><\/p>\n\n\n\n<h2 class=\"ls__heading wp-block-heading\">\n          <strong>La Cal\u00e7otada<\/strong>\n        <\/h2>\n\n\n\n<p class=\"ls-paragraph\"><span style=\"font-weight: 400;\">Ho savies ? Hi ha hortalisses que nom\u00e9s creixen a Catalunya, com  <\/span>cal\u00e7ot<span style=\"font-weight: 400;\">, un tipus de ceba dol\u00e7a. B\u00e9, la Cal\u00e7otada \u00e9s una<\/span>  festa tradicional que ret homenatge a aquesta verdura<span style=\"font-weight: 400;\">, tastat durant els concursos. Res no t&#8217;impedeix participar. I despr\u00e9s, el cal\u00e7ot \u00e9s bon\u00edssim.<\/span><\/p>\n\n\n\n<h2 class=\"ls__heading wp-block-heading\">\n          <strong>La Flama del Canig\u00f3<\/strong>\n        <\/h2>\n\n\n\n<p class=\"ls-paragraph\"><span style=\"font-weight: 400;\">La Flama del Canig\u00f3 \u00e9s una de les<\/span> tradicions catalanes que no us podeu perdre<span style=\"font-weight: 400;\">, tant si ets al pa\u00eds catal\u00e0 a Fran\u00e7a com a Catalunya. Aquesta flama \u00e9s una veritable manifestaci\u00f3 de la  <\/span>cultura catalana<span style=\"font-weight: 400;\">. Abans d&#8217;encendre el foc de Sant Joan, la tradici\u00f3 mana  <\/span>aquella mateixa flama travessa tot el pa\u00eds <span style=\"font-weight: 400;\">per encendre diverses torxes al juny.<\/span><\/p>\n\n\n\n<h2 class=\"ls__heading wp-block-heading\">\n          <strong>Tradicions nadalenques<\/strong>\n        <\/h2>\n\n\n\n<p class=\"ls-paragraph\"><span style=\"font-weight: 400;\">Per Nadal destaquen dues tradicions catalanes:<\/span> el Caganer i el Ti\u00f3 de Nadal <span style=\"font-weight: 400;\">, tamb\u00e9 anomenat Caga Ti\u00f3:<\/span><\/p>\n\n\n\n<ul class=\"ls-list wp-block-list\">\n<li>Caganer<span style=\"font-weight: 400;\">  : segons la tradici\u00f3, per Nadal instal\u00b7lem el pessebre amb els seus personatges emblem\u00e0tics. A Catalunya s&#8217;afegeix Caganer al lot. \u00c9s un petit personatge col\u00b7locat com si an\u00e9s al lavabo.<\/span><\/li>\n\n\n\n<li>Ti\u00f3 de Nadal o Caga Ti\u00f3  <span style=\"font-weight: 400;\">: oblida&#8217;t del tradicional tronc de Nadal! A Catalunya es substitueix per un petit tronc d&#8217;arbre. En lloc de tallar una pe\u00e7a, l&#8217;omples de llaminadures per regalar a nens i adults per Nadal.<\/span><\/li>\n<\/ul>\n\n\n\n<p class=\"ls-paragraph\"><span style=\"font-weight: 400;\">Nom\u00e9s ens queda desitjar-vos una bona<\/span> descoberta de la tradici\u00f3 catalana <span style=\"font-weight: 400;\">!<\/span><\/p>\n\n\r\n    <\/div>\r\n<\/section>","protected":false},"excerpt":{"rendered":"","protected":false},"author":1,"featured_media":2824538,"comment_status":"closed","ping_status":"closed","sticky":false,"template":"","format":"standard","meta":{"_acf_changed":false,"_seopress_robots_primary_cat":"none","_seopress_titles_title":"","_seopress_titles_desc":"","_seopress_robots_index":"","inline_featured_image":false,"footnotes":""},"categories":[74],"tags":[],"sujet":[],"class_list":["post-2822331","post","type-post","status-publish","format-standard","has-post-thumbnail","hentry","category-novedades-del-camping-en-saint-cyprien"],"acf":[],"_links":{"self":[{"href":"https:\/\/www.camping-le-calagogo.fr\/ca\/wp-json\/wp\/v2\/posts\/2822331","targetHints":{"allow":["GET"]}}],"collection":[{"href":"https:\/\/www.camping-le-calagogo.fr\/ca\/wp-json\/wp\/v2\/posts"}],"about":[{"href":"https:\/\/www.camping-le-calagogo.fr\/ca\/wp-json\/wp\/v2\/types\/post"}],"author":[{"embeddable":true,"href":"https:\/\/www.camping-le-calagogo.fr\/ca\/wp-json\/wp\/v2\/users\/1"}],"replies":[{"embeddable":true,"href":"https:\/\/www.camping-le-calagogo.fr\/ca\/wp-json\/wp\/v2\/comments?post=2822331"}],"version-history":[{"count":7,"href":"https:\/\/www.camping-le-calagogo.fr\/ca\/wp-json\/wp\/v2\/posts\/2822331\/revisions"}],"predecessor-version":[{"id":2827121,"href":"https:\/\/www.camping-le-calagogo.fr\/ca\/wp-json\/wp\/v2\/posts\/2822331\/revisions\/2827121"}],"wp:featuredmedia":[{"embeddable":true,"href":"https:\/\/www.camping-le-calagogo.fr\/ca\/wp-json\/wp\/v2\/media\/2824538"}],"wp:attachment":[{"href":"https:\/\/www.camping-le-calagogo.fr\/ca\/wp-json\/wp\/v2\/media?parent=2822331"}],"wp:term":[{"taxonomy":"category","embeddable":true,"href":"https:\/\/www.camping-le-calagogo.fr\/ca\/wp-json\/wp\/v2\/categories?post=2822331"},{"taxonomy":"post_tag","embeddable":true,"href":"https:\/\/www.camping-le-calagogo.fr\/ca\/wp-json\/wp\/v2\/tags?post=2822331"},{"taxonomy":"sujet","embeddable":true,"href":"https:\/\/www.camping-le-calagogo.fr\/ca\/wp-json\/wp\/v2\/sujet?post=2822331"}],"curies":[{"name":"wp","href":"https:\/\/api.w.org\/{rel}","templated":true}]}}