{"id":2846595,"date":"2025-04-08T10:32:07","date_gmt":"2025-04-08T08:32:07","guid":{"rendered":"https:\/\/www.camping-le-calagogo.fr\/novedades-del-camping-en-saint-cyprien\/week-end-perpignan\/"},"modified":"2025-04-08T15:26:20","modified_gmt":"2025-04-08T13:26:20","slug":"fin-de-semana-perpinan","status":"publish","type":"post","link":"https:\/\/www.camping-le-calagogo.fr\/ca\/novedades-del-camping-en-saint-cyprien\/fin-de-semana-perpinan\/","title":{"rendered":"Fin de semana en Perpi\u00f1\u00e1n"},"content":{"rendered":"<p>\u00bfTe apetece un <strong>fin de semana al sol<\/strong>, entre cultura catalana y brisa mediterr\u00e1nea? Perpi\u00f1\u00e1n, a solo unos kil\u00f3metros del mar, atrae cada a\u00f1o a cerca de 2 millones de visitantes gracias a su patrimonio, su clima y su gastronom\u00eda. En este art\u00edculo, descubre qu\u00e9 ver, qu\u00e9 hacer y c\u00f3mo organizar tu <strong>fin de semana en Perpi\u00f1\u00e1n<\/strong> de forma sencilla y eficaz. Y si buscas un alojamiento cercano, elige nuestro <a href=\"\/ca\/\">camping 5 estrellas en los Pirineos Orientales<\/a>, ideal para combinar comodidad y naturaleza.<\/p>\n<h2>Descubriendo el casco hist\u00f3rico de Perpi\u00f1\u00e1n<\/h2>\n<h3>El Castillet, s\u00edmbolo de la ciudad<\/h3>\n<p>Construido a partir de 1368 bajo el reinado de Pedro IV de Arag\u00f3n, <strong>el Castillet<\/strong> es uno de los monumentos m\u00e1s representativos de Perpi\u00f1\u00e1n. Esta antigua puerta fortificada, erigida para defender la ciudad, fue m\u00e1s tarde una prisi\u00f3n estatal. Hoy alberga el Museo Casa Pairal, dedicado a las artes y tradiciones populares catalanas. Desde la terraza, accesible por una escalera de caracol, se disfruta de una vista panor\u00e1mica del casco antiguo y de los Pirineos.<\/p>\n<p><strong>\ud83d\udccd Direcci\u00f3n:<\/strong> Place de Verdun, 66000 Perpi\u00f1\u00e1n<\/p>\n<p><strong>\u23f0 Horario:<\/strong> De 11:00 a 17:30 (temporada baja), hasta las 18:30 en verano<\/p>\n<p><strong>\ud83d\udcb6 Precio:<\/strong> 2 \u20ac (museo y terraza)<\/p>\n<h3>La catedral de San Juan Bautista y el Campo Santo<\/h3>\n<p>Construida entre los siglos XIV y XVI, la <strong>catedral de San Juan Bautista<\/strong> es un ejemplo notable de arquitectura g\u00f3tica meridional. En su interior se puede admirar un monumental retablo y un majestuoso \u00f3rgano. Justo al lado, el Campo Santo, \u00fanico claustro-cementerio en Francia, acoge regularmente exposiciones y conciertos al aire libre.<\/p>\n<p><strong>\ud83d\udccd Direcci\u00f3n:<\/strong> Rue de l\u2019Horloge \u2013 Entrada libre. Abierto todos los d\u00edas (horario variable seg\u00fan la temporada).<\/p>\n<h3>Callejuelas con encanto y plazas animadas<\/h3>\n<p>Pasear por el centro hist\u00f3rico es la mejor manera de sumergirse en la identidad catalana de Perpi\u00f1\u00e1n durante tu <strong>fin de semana cerca de Perpi\u00f1\u00e1n<\/strong>. Las estrechas callejuelas desembocan en plazas animadas como la plaza de la Loge o la plaza de la Rep\u00fablica. Balcones de hierro forjado, fachadas coloridas, galer\u00edas de arte, peque\u00f1as tiendas y terrazas a la sombra ofrecen una experiencia aut\u00e9ntica y din\u00e1mica.<\/p>\n<h2>Inmersi\u00f3n en la cultura catalana<\/h2>\n<h3>El Palacio de los Reyes de Mallorca<\/h3>\n<p>Dominando la ciudad desde su colina, el <strong>Palacio de los Reyes de Mallorca<\/strong> es una joya g\u00f3tica del siglo XIII, construido cuando Perpi\u00f1\u00e1n era la capital del Reino de Mallorca. Sus murallas, patios interiores y jardines en terrazas ofrecen un viaje por la historia medieval, con vistas excepcionales al Canig\u00f3.<\/p>\n<p><strong>\ud83d\udccd Direcci\u00f3n:<\/strong> Rue des Archers, Perpi\u00f1\u00e1n<\/p>\n<p><strong>\u23f0 Horario:<\/strong> Abierto todos los d\u00edas (excepto festivos principales)<\/p>\n<p><strong>\ud83d\udcb6 Precio:<\/strong> 9 \u20ac entrada general \/ 7 \u20ac reducida \/ Gratis -25 a\u00f1os<\/p>\n<h3>El museo Hyacinthe-Rigaud<\/h3>\n<p>Ubicado en dos palacetes renovados, el <strong>museo Hyacinthe-Rigaud<\/strong> recorre seis siglos de historia del arte, desde el g\u00f3tico catal\u00e1n hasta la creaci\u00f3n contempor\u00e1nea. Entre las obras destacadas est\u00e1n los retratos de Luis XIV realizados por el artista local Hyacinthe Rigaud, adem\u00e1s de exposiciones temporales de gran calidad.<\/p>\n<p><strong>\ud83d\udccd Direcci\u00f3n:<\/strong> 21 rue Mailly, Perpi\u00f1\u00e1n<\/p>\n<p><strong>\u23f0 Horario:<\/strong> De martes a domingo, de 11:00 a 17:30<\/p>\n<p><strong>\ud83d\udcb6 Precio:<\/strong> 10 \u20ac entrada general \/ 8 \u20ac reducida<\/p>\n<h2>Experiencias gastron\u00f3micas que no puedes perderte<\/h2>\n<h3>Saborea las especialidades catalanas<\/h3>\n<p>La cocina catalana mezcla productos mediterr\u00e1neos, recetas tradicionales y el gusto por compartir. Aqu\u00ed tienes algunos platos imprescindibles para disfrutar durante tu <strong>fin de semana en Perpi\u00f1\u00e1n<\/strong>:<\/p>\n<ul>\n<li><strong>La cargolade:<\/strong> caracoles a la parrilla sobre sarmientos de vid, t\u00edpicos de las celebraciones locales.<\/li>\n<li><strong>Las boles de picolat:<\/strong> alb\u00f3ndigas de carne cocinadas con aceitunas, alubias blancas y salsa de tomate.<\/li>\n<li><strong>La escalivada:<\/strong> verduras asadas (berenjenas, pimientos, cebollas), servidas calientes o fr\u00edas.<\/li>\n<li><strong>La crema catalana:<\/strong> parecida a la cr\u00e8me br\u00fbl\u00e9e, aromatizada con lim\u00f3n y canela.<\/li>\n<\/ul>\n<h3>Los mercados de Perpi\u00f1\u00e1n<\/h3>\n<p>El mercado de la <strong>plaza Cassanyes<\/strong>, abierto todos los d\u00edas excepto lunes, es uno de los m\u00e1s animados de la ciudad. Encontrar\u00e1s frutas llenas de sabor, verduras ecol\u00f3gicas, quesos de monta\u00f1a, embutidos artesanales y pescado fresco. Ideal para llenar la cesta y descubrir los productos locales.<\/p>\n<p><img decoding=\"async\" class=\"wp-image-2846553 size-full aligncenter\" src=\"https:\/\/www.camping-le-calagogo.fr\/wp-content\/uploads\/2025\/04\/Week-end-a-Perpignan.jpg\" alt=\"Fin de semana en Perpi\u00f1\u00e1n\" width=\"1200\" height=\"800\" srcset=\"https:\/\/www.camping-le-calagogo.fr\/wp-content\/uploads\/2025\/04\/Week-end-a-Perpignan.jpg 1200w, https:\/\/www.camping-le-calagogo.fr\/wp-content\/uploads\/2025\/04\/Week-end-a-Perpignan-300x200.jpg 300w, https:\/\/www.camping-le-calagogo.fr\/wp-content\/uploads\/2025\/04\/Week-end-a-Perpignan-1024x683.jpg 1024w, https:\/\/www.camping-le-calagogo.fr\/wp-content\/uploads\/2025\/04\/Week-end-a-Perpignan-768x512.jpg 768w\" sizes=\"(max-width: 1200px) 100vw, 1200px\" \/><\/p>\n<h2>Paseos y relax al aire libre<\/h2>\n<h3>Paseo a orillas del r\u00edo T\u00eat<\/h3>\n<p><strong>El r\u00edo T\u00eat<\/strong>, que atraviesa Perpi\u00f1\u00e1n, dispone de orillas acondicionadas perfectas para caminar o tomar el sol. Entre el puente Joffre y el parque Maillol, hay senderos accesibles y poco frecuentados que permiten una escapada natural a dos pasos del centro.<\/p>\n<h3>Pausa natural en el parque Sant Vicens<\/h3>\n<p>El <strong>parque Sant Vicens<\/strong> es ideal para un momento de relax en familia durante tu <strong>fin de semana cerca de Perpi\u00f1\u00e1n<\/strong>. Sus praderas, estanques, juegos infantiles y caminos sombreados lo convierten en un espacio tranquilo y acogedor, perfecto para una siesta o un picnic.<\/p>\n","protected":false},"excerpt":{"rendered":"<p>\u00bfTe apetece un fin de semana al sol, entre cultura catalana y brisa mediterr\u00e1nea? Perpi\u00f1\u00e1n, a solo unos kil\u00f3metros del mar, atrae cada a\u00f1o a cerca de 2 millones de visitantes gracias a su patrimonio, su clima y su gastronom\u00eda. En este art\u00edculo, descubre qu\u00e9 ver, qu\u00e9 hacer y c\u00f3mo organizar tu fin de semana [&hellip;]<\/p>\n","protected":false},"author":2,"featured_media":2846559,"comment_status":"closed","ping_status":"closed","sticky":false,"template":"","format":"standard","meta":{"_acf_changed":false,"_seopress_robots_primary_cat":"none","_seopress_titles_title":"Fin de semana en Perpi\u00f1\u00e1n: descubre Perpi\u00f1\u00e1n en 2 d\u00edas","_seopress_titles_desc":"Descubra qu\u00e9 hacer y ver durante un fin de semana en Perpi\u00f1\u00e1n y sum\u00e9rjase en la cultura catalana","_seopress_robots_index":"","inline_featured_image":false,"footnotes":""},"categories":[74],"tags":[],"sujet":[],"class_list":["post-2846595","post","type-post","status-publish","format-standard","has-post-thumbnail","hentry","category-novedades-del-camping-en-saint-cyprien"],"acf":[],"_links":{"self":[{"href":"https:\/\/www.camping-le-calagogo.fr\/ca\/wp-json\/wp\/v2\/posts\/2846595","targetHints":{"allow":["GET"]}}],"collection":[{"href":"https:\/\/www.camping-le-calagogo.fr\/ca\/wp-json\/wp\/v2\/posts"}],"about":[{"href":"https:\/\/www.camping-le-calagogo.fr\/ca\/wp-json\/wp\/v2\/types\/post"}],"author":[{"embeddable":true,"href":"https:\/\/www.camping-le-calagogo.fr\/ca\/wp-json\/wp\/v2\/users\/2"}],"replies":[{"embeddable":true,"href":"https:\/\/www.camping-le-calagogo.fr\/ca\/wp-json\/wp\/v2\/comments?post=2846595"}],"version-history":[{"count":3,"href":"https:\/\/www.camping-le-calagogo.fr\/ca\/wp-json\/wp\/v2\/posts\/2846595\/revisions"}],"predecessor-version":[{"id":2846607,"href":"https:\/\/www.camping-le-calagogo.fr\/ca\/wp-json\/wp\/v2\/posts\/2846595\/revisions\/2846607"}],"wp:featuredmedia":[{"embeddable":true,"href":"https:\/\/www.camping-le-calagogo.fr\/ca\/wp-json\/wp\/v2\/media\/2846559"}],"wp:attachment":[{"href":"https:\/\/www.camping-le-calagogo.fr\/ca\/wp-json\/wp\/v2\/media?parent=2846595"}],"wp:term":[{"taxonomy":"category","embeddable":true,"href":"https:\/\/www.camping-le-calagogo.fr\/ca\/wp-json\/wp\/v2\/categories?post=2846595"},{"taxonomy":"post_tag","embeddable":true,"href":"https:\/\/www.camping-le-calagogo.fr\/ca\/wp-json\/wp\/v2\/tags?post=2846595"},{"taxonomy":"sujet","embeddable":true,"href":"https:\/\/www.camping-le-calagogo.fr\/ca\/wp-json\/wp\/v2\/sujet?post=2846595"}],"curies":[{"name":"wp","href":"https:\/\/api.w.org\/{rel}","templated":true}]}}