{"id":2822076,"date":"2023-12-18T13:17:51","date_gmt":"2023-12-18T12:17:51","guid":{"rendered":"https:\/\/www.camping-le-calagogo.fr\/actu-camping-saint-cyprien\/die-markte-in-argeles-sur-mer\/"},"modified":"2024-01-23T09:51:17","modified_gmt":"2024-01-23T08:51:17","slug":"die-markte-in-argeles-sur-mer","status":"publish","type":"post","link":"https:\/\/www.camping-le-calagogo.fr\/de\/aktuelles-vom-campingplatz-saint-cyprien\/die-markte-in-argeles-sur-mer\/","title":{"rendered":"Die M\u00e4rkte in Argel\u00e8s-Sur-Mer"},"content":{"rendered":"<section id=\"ls-section-block_99430ae9772520905b498cec899cec41\" class=\"ls-section \" >\r\n        <div class=\"container container--wide\">\r\n        \n\n<p class=\"ls-paragraph\">Um gesund und preiswert zu konsumieren, gibt es eine L\u00f6sung, die f\u00fcr jeden Geldbeutel erschwinglich ist: den Markt! Sie m\u00f6chten w\u00e4hrend Ihres Aufenthalts auf dem <a href=\"https:\/\/www.camping-le-calagogo.fr\/de\/camping-argeles-sur-mer\/\" data-type=\"page\" data-id=\"2272\">Campingplatz Argel\u00e8s-sur-Mer<\/a>, diesem Badeort an der C\u00f4te Vermeille, lokale Produkte von guter Qualit\u00e4t kaufen?  <\/p>\n\n\n\n<p class=\"ls-paragraph\">In <a href=\"https:\/\/www.camping-le-calagogo.fr\/de\/camping-argeles-sur-mer\/tourismus-argeles-sur-mer\/\" data-type=\"page\" data-id=\"134\">Argel\u00e8s-Sur-Mer<\/a> sind Sie am richtigen Ort: Das ganze Jahr \u00fcber finden zahlreiche M\u00e4rkte statt, auf denen Sie in aller Ruhe einkaufen k\u00f6nnen. Treffen Sie Produzenten, H\u00e4ndler und Handwerker aus der katalanischen Region, um sich mit guten Produkten, Rezeptideen und kulinarischen und handwerklichen Entdeckungen aller Art einzudecken.<\/p>\n\n\n\n<p class=\"ls-paragraph\">Um sich Ihren Bed\u00fcrfnissen so gut wie m\u00f6glich anzupassen, gibt es in Argel\u00e8s-Sur-Mer M\u00e4rkte in verschiedenen Kategorien: traditioneller Markt, Markt mit regionalen Produkten und Bioprodukten, Kunsthandwerkermarkt und Nachtmarkt. Alle bieten Artikel und Lebensmittel an, die in der katalanischen Region hergestellt werden und verzehrfertig sind, wobei der Herstellungsprozess und der Kunde respektiert werden. Kommen Sie und entdecken Sie sie ohne weitere Verz\u00f6gerung!<\/p>\n\n\n\n          \n\n          <iframe width=\"100%\" height=\"550\" src=\"https:\/\/www.youtube.com\/embed\/A5NUCzUA-dM?si=t0zQan6Ch7_RB9Db\" title=\"YouTube-Videoplayer\" frameborder=\"0\" allow=\"accelerometer; autoplay; clipboard-write; encrypted-media; gyroscope; picture-in-picture; web-share\" allowfullscreen=\"\"><\/iframe>\n          \n\n        \n\n\n\n<h2 class=\"ls__heading wp-block-heading\">5 Markttage pro Woche in Argel\u00e8s<\/h2>\n\n\n\n<p class=\"ls-paragraph\">In Argel\u00e8s-Village (Mittwoch- und Samstagmorgen), Argel\u00e8s-Plage (vom 13. Juni bis 21. September, Montag-, Mittwoch- und Freitagmorgen) und Port-Argel\u00e8s (vom 14. Juni bis 20. September, Donnerstagmorgen) ist der traditionelle Markt ein Muss. Er vereint zahlreiche H\u00e4ndler und bietet Ihnen alle Produkte, die Sie brauchen, um Ihren K\u00fchlschrank zu f\u00fcllen: Obst, Gem\u00fcse, K\u00e4se, Fisch und Fleisch erwarten Sie auf jedem Markt.<\/p>\n\n\n<div class=\"wp-block-image\">\n<figure class=\"aligncenter size-full is-resized\"><img decoding=\"async\" width=\"840\" height=\"300\" src=\"https:\/\/www.camping-le-calagogo.fr\/wp-content\/uploads\/2023\/12\/marche-argeles-2-1-1.jpg\" alt=\"Argeles-Marsch\" class=\"wp-image-2824008\" style=\"object-fit:cover;width:800px;height:300px\" srcset=\"https:\/\/www.camping-le-calagogo.fr\/wp-content\/uploads\/2023\/12\/marche-argeles-2-1-1.jpg 840w, https:\/\/www.camping-le-calagogo.fr\/wp-content\/uploads\/2023\/12\/marche-argeles-2-1-1-300x107.jpg 300w, https:\/\/www.camping-le-calagogo.fr\/wp-content\/uploads\/2023\/12\/marche-argeles-2-1-1-768x274.jpg 768w\" sizes=\"(max-width: 840px) 100vw, 840px\" \/><\/figure>\n<\/div>\n\n\n<p class=\"ls-paragraph\">Frisch und lokal produziert bieten sie Ihnen viele Vorteile: ein hervorragendes Preis-Leistungs-Verh\u00e4ltnis und eine katalonienweite Vermarktung, die Ihnen einen geringen Pestizidgehalt garantiert. Au\u00dferdem erm\u00f6glichen sie es Ihnen, saisonal einzukaufen und Gem\u00fcse zu kaufen, das f\u00fcr jede Jahreszeit geeignet ist. So steigern Sie Ihre Fitness und optimieren Ihr Budget!<\/p>\n\n\n\n<h2 class=\"ls__heading wp-block-heading\">Verkauf von lokalen Produkten und Bioprodukten in Argel\u00e8s<\/h2>\n\n\n\n<p class=\"ls-paragraph\">Wenn Ihnen die R\u00fcckverfolgbarkeit, die Gesch\u00e4ftsethik und die Qualit\u00e4t dessen, was auf Ihrem Teller landet, besonders wichtig sind, dann ist der Markt f\u00fcr regionale und biologische Produkte genau das Richtige f\u00fcr Sie. Hier geht jeder Erzeuger mit besonderer Sorgfalt mit den Fr\u00fcchten seiner Arbeit um. Das Gem\u00fcse ist mit dem Bio-Siegel ausgezeichnet, lokal und saisonal. Fleisch und Fisch stammen aus ethisch vertretbaren Zuchtbetrieben, die in der Region angesiedelt sind. Auch vergessene Gem\u00fcsesorten werden vorgestellt: Pastinake, Butternut, Steckr\u00fcbe, Mangold&#8230; So k\u00f6nnen Sie Ihre Winter- und Sommergerichte variieren und sicherstellen, dass Sie alle N\u00e4hrstoffe erhalten, die Sie brauchen, um gesund zu bleiben!<\/p>\n\n\n<div class=\"wp-block-image\">\n<figure class=\"aligncenter size-full is-resized\"><img decoding=\"async\" width=\"840\" height=\"300\" src=\"https:\/\/www.camping-le-calagogo.fr\/wp-content\/uploads\/2023\/12\/marche-argeles-2-1.jpg\" alt=\"Argeles-Marsch\" class=\"wp-image-2824003\" style=\"object-fit:cover;width:800px;height:300px\" srcset=\"https:\/\/www.camping-le-calagogo.fr\/wp-content\/uploads\/2023\/12\/marche-argeles-2-1.jpg 840w, https:\/\/www.camping-le-calagogo.fr\/wp-content\/uploads\/2023\/12\/marche-argeles-2-1-300x107.jpg 300w, https:\/\/www.camping-le-calagogo.fr\/wp-content\/uploads\/2023\/12\/marche-argeles-2-1-768x274.jpg 768w\" sizes=\"(max-width: 840px) 100vw, 840px\" \/><\/figure>\n<\/div>\n\n\n<h2 class=\"ls__heading wp-block-heading\">Nachtmarkt am Hafen im Sommer<\/h2>\n\n\n\n<p class=\"ls-paragraph\">Um im Sommer die gute Nachtluft zu genie\u00dfen, breitet der Nachtmarkt seine St\u00e4nde vom 26. Juni bis zum 31. August auf den Kais des Hafens von Argel\u00e8s-Sur-Mer aus. Jeden Dienstag und Freitag k\u00f6nnen Sie mit Ihren Kindern oder Freunden die St\u00e4nde der zahlreichen H\u00e4ndler entdecken. Eine Gelegenheit, lokale Produkte in einer ruhigen und ged\u00e4mpften Atmosph\u00e4re bei Laternenlicht wiederzuentdecken. Und, warum nicht, setzen Sie Ihren Ausflug mit einem kleinen Spaziergang am Hafen fort, um das Meer unter dem Schein der Sterne zu bewundern! Der Nachtmarkt verbindet somit Arbeit mit Vergn\u00fcgen: Sie k\u00f6nnen mit leichtem Gewissen einkaufen und den Charme eines Marktes im Halbdunkel wiederentdecken.<\/p>\n\n\n\n<h2 class=\"ls__heading wp-block-heading\">Kunsthandwerksmarkt von Juni bis September in Argel\u00e8s sur Mer<\/h2>\n\n\n\n<p class=\"ls-paragraph\">Liebhaber handgemachter Kreationen und regionaler Kuriosit\u00e4ten werden hingegen auf dem Kunsthandwerksmarkt f\u00fcndig, der vom 13. Juni bis zum 22. September jeden Abend von 17 Uhr bis Mitternacht auf dem Parkplatz der Platanen in Argel\u00e8s-Plage stattfindet. Kunsthandwerker und Designer bieten Ihnen zahlreiche Artikel an, die aus ihrem Talent entstanden sind: Glasdekorationen, Modeschmuck, Lederwaren, aber auch Blumenarrangements, T\u00f6pferwaren, Holzskulpturen&#8230; Wenn Sie ein Sommersouvenir oder ein Geschenk suchen, sollten Sie diesen Markt auf keinen Fall vers\u00e4umen! Besuchen Sie diesen Markt w\u00e4hrend Ihres Familienurlaubs zwischen Buchten und Sandstrand des Mittelmeers im D\u00e9partement Pyr\u00e9n\u00e9es Orientales. So haben Sie die M\u00f6glichkeit, sich mit katalanischen Designern auszutauschen und mehr \u00fcber ihre Berufe zu erfahren.<\/p>\n\n\r\n    <\/div>\r\n<\/section>","protected":false},"excerpt":{"rendered":"","protected":false},"author":1,"featured_media":2824018,"comment_status":"closed","ping_status":"closed","sticky":false,"template":"","format":"standard","meta":{"_acf_changed":false,"_seopress_robots_primary_cat":"none","_seopress_titles_title":"","_seopress_titles_desc":"","_seopress_robots_index":"","inline_featured_image":false,"footnotes":""},"categories":[64],"tags":[],"sujet":[],"class_list":["post-2822076","post","type-post","status-publish","format-standard","has-post-thumbnail","hentry","category-aktuelles-vom-campingplatz-saint-cyprien"],"acf":[],"_links":{"self":[{"href":"https:\/\/www.camping-le-calagogo.fr\/de\/wp-json\/wp\/v2\/posts\/2822076","targetHints":{"allow":["GET"]}}],"collection":[{"href":"https:\/\/www.camping-le-calagogo.fr\/de\/wp-json\/wp\/v2\/posts"}],"about":[{"href":"https:\/\/www.camping-le-calagogo.fr\/de\/wp-json\/wp\/v2\/types\/post"}],"author":[{"embeddable":true,"href":"https:\/\/www.camping-le-calagogo.fr\/de\/wp-json\/wp\/v2\/users\/1"}],"replies":[{"embeddable":true,"href":"https:\/\/www.camping-le-calagogo.fr\/de\/wp-json\/wp\/v2\/comments?post=2822076"}],"version-history":[{"count":7,"href":"https:\/\/www.camping-le-calagogo.fr\/de\/wp-json\/wp\/v2\/posts\/2822076\/revisions"}],"predecessor-version":[{"id":2827255,"href":"https:\/\/www.camping-le-calagogo.fr\/de\/wp-json\/wp\/v2\/posts\/2822076\/revisions\/2827255"}],"wp:featuredmedia":[{"embeddable":true,"href":"https:\/\/www.camping-le-calagogo.fr\/de\/wp-json\/wp\/v2\/media\/2824018"}],"wp:attachment":[{"href":"https:\/\/www.camping-le-calagogo.fr\/de\/wp-json\/wp\/v2\/media?parent=2822076"}],"wp:term":[{"taxonomy":"category","embeddable":true,"href":"https:\/\/www.camping-le-calagogo.fr\/de\/wp-json\/wp\/v2\/categories?post=2822076"},{"taxonomy":"post_tag","embeddable":true,"href":"https:\/\/www.camping-le-calagogo.fr\/de\/wp-json\/wp\/v2\/tags?post=2822076"},{"taxonomy":"sujet","embeddable":true,"href":"https:\/\/www.camping-le-calagogo.fr\/de\/wp-json\/wp\/v2\/sujet?post=2822076"}],"curies":[{"name":"wp","href":"https:\/\/api.w.org\/{rel}","templated":true}]}}