{"id":2822103,"date":"2023-12-18T13:18:12","date_gmt":"2023-12-18T12:18:12","guid":{"rendered":"https:\/\/www.camping-le-calagogo.fr\/actu-camping-saint-cyprien\/sehenswurdigkeiten-in-collioure\/"},"modified":"2024-09-03T14:12:02","modified_gmt":"2024-09-03T12:12:02","slug":"sehenswurdigkeiten-in-collioure","status":"publish","type":"post","link":"https:\/\/www.camping-le-calagogo.fr\/de\/aktuelles-vom-campingplatz-saint-cyprien\/sehenswurdigkeiten-in-collioure\/","title":{"rendered":"5 Dinge, die man in Collioure gesehen haben muss"},"content":{"rendered":"<section id=\"ls-section-block_66e04e46a596cd36408ea8c24aec41c0\" class=\"ls-section \" >\r\n        <div class=\"container container--wide\">\r\n        \n\n<p class=\"ls-paragraph\">\u00c0 quelque 30 kilom\u00e8tres de la fronti\u00e8re entre la France et l\u2019Espagne, et 15km du <a href=\"https:\/\/www.camping-le-calagogo.fr\/de\/\" data-type=\"page\" data-id=\"9\">camping Cala Gogo<\/a>, <strong>Collioure est une ville fran\u00e7aise pittoresque<\/strong> situ\u00e9e dans la partie sud du Languedoc-Roussillon. Sa superbe enclave face \u00e0 la M\u00e9diterran\u00e9e et contre la montagne en a fait une source d\u2019inspiration pour de grands artistes. Le po\u00e8te Antonio Machado y passa ses derniers jours, et la ville inspira des peintres comme Matisse, Picasso ou Andr\u00e9 Derain. Le <strong>riche patrimoine historique<\/strong> de ses rues, son port, ses fa\u00e7ades color\u00e9es et sa tradition gastronomique font de Collioure une destination id\u00e9ale pour un weekend inoubliable en <a href=\"https:\/\/www.camping-le-calagogo.fr\/de\/camping-collioure\/\">camping pr\u00e8s de Collioure<\/a>.<\/p>\n\n\n\n<p class=\"ls-paragraph\">Pour vous permettre de profiter de la ville au maximum, nous avons r\u00e9uni ici les <strong>5 meilleures visites de Collioure<\/strong>. \u00c0 ne pas manquer !<\/p>\n\n\n\n<h2 class=\"ls__heading wp-block-heading\">1. Le ch\u00e2teau royal de Collioure<\/h2>\n\n\n\n<p class=\"ls-paragraph\">Cette <strong><a href=\"https:\/\/www.camping-le-calagogo.fr\/de\/aktuelles-vom-campingplatz-saint-cyprien\/das-chateau-royal-in-collioure\/\">forteresse<\/a> au bord de la mer<\/strong> fut la r\u00e9sidence des rois de Majorque au XIII<sup>\u00e8me<\/sup> si\u00e8cle, bien que sa construction remonte au VII<sup>\u00e8me<\/sup> si\u00e8cle, \u00e9poque de l\u2019\u00e9dification d\u2019un ch\u00e2teau Visigoth. Elle fut par la suite lieu de vill\u00e9giature pour d\u2019autres familles royales et, en 1939, servi de prison de militaires dans le cadre de la guerre civile espagnole. Situ\u00e9e \u00e0 un emplacement strat\u00e9gique de la c\u00f4te Vermeille, la forteresse est class\u00e9e Monument National et ses tours offrent un <strong>magnifique point de vue sur la ville<\/strong>.<\/p>\n\n\n\n<h2 class=\"ls__heading wp-block-heading\">2. L\u2019\u00c9glise Notre-Dame des Anges<\/h2>\n\n\n\n<p class=\"ls-paragraph\">\u00c0 quelques m\u00e8tres seulement du ch\u00e2teau se trouve ce <strong>lieu embl\u00e9matique du XVII<sup>\u00e8me<\/sup> si\u00e8cle<\/strong>, dont la tour ronde est le symbole de la ville. Actuel clocher de l\u2019\u00e9glise, c\u2019\u00e9tait \u00e0 l\u2019\u00e9poque un phare m\u00e9di\u00e9val qui aidait les bateaux \u00e0 entrer au port. \u00c0 l\u2019int\u00e9rieur, on pourra contempler un <strong>retable de style baroque<\/strong> du sculpteur catalan Josep Sunyer. Depuis la place de l\u2019\u00e9glise, on obtient un bon panorama du quartier de Mour\u00e9, notre prochaine \u00e9tape.<\/p>\n\n\n\n<iframe width=\"100%\" height=\"550\" src=\"https:\/\/www.youtube.com\/embed\/2yQ4Zi9IA5o?si=vqcr5CMGJB49P7iX\" title=\"YouTube video player\" frameborder=\"0\" allow=\"accelerometer; autoplay; clipboard-write; encrypted-media; gyroscope; picture-in-picture; web-share\" allowfullscreen=\"\"><\/iframe>\n\n\n\n<h2 class=\"ls__heading wp-block-heading\">3. Le quartier du Mour\u00e9<\/h2>\n\n\n\n<p class=\"ls-paragraph\">Rien de plus enchanteur que de se perdre dans le d\u00e9dale de rues de cet <strong>ancien quartier de p\u00eacheurs<\/strong>, aux fa\u00e7ades color\u00e9es orn\u00e9es de plantes qui d\u00e9bordent de leurs pots. Lieu tr\u00e8s fr\u00e9quent\u00e9 pour ses restaurants populaires, on y d\u00e9guste des <strong>produits typiques de la r\u00e9gion<\/strong>, comme les moules et les anchois par exemple. Au point le plus haut du quartier, vous trouverez le Fort Miradou, d\u2019o\u00f9 vous aurez de belles vues sur la mer.<\/p>\n\n\n\n<h2 class=\"ls__heading wp-block-heading\">4. La Chapelle Saint-Vincent<\/h2>\n\n\n\n<p class=\"ls-paragraph\">Cette chapelle toute simple date du XVIII<sup>\u00e8me<\/sup> si\u00e8cle et a \u00e9t\u00e9 <strong>construite sur un rocher<\/strong> destin\u00e9 \u00e0 accueillir les reliques de Saint Vincent, le saint patron de Collioure. On y acc\u00e8de par un chemin qui unit cette petite \u00eele \u00e0 la terre ferme. Une croix avec un Christ regardant la mer pr\u00e9side cet emplacement magique. Depuis la chapelle, on pourra <strong>faire une jolie balade jusqu\u2019au nouveau phare<\/strong> de la ville, d\u2019o\u00f9 l\u2019on aura une vue panoramique sur les plages, le ch\u00e2teau et l\u2019\u00e9glise de Collioure.<\/p>\n\n\n\n<h2 class=\"ls__heading wp-block-heading\">5. L\u2019art pr\u00e9sent \u00e0 Collioure<\/h2>\n\n\n\n<p class=\"ls-paragraph\"><strong>Le fauvisme est un mouvement pictural<\/strong> particuli\u00e8rement repr\u00e9sent\u00e9 \u00e0 <a href=\"https:\/\/www.tourisme-collioure.com\/\" target=\"_blank\" rel=\"noreferrer noopener\">Collioure<\/a> o\u00f9 l\u2019on trouve une route portant le nom de ce courant artistique. Le long de cette route se trouve une s\u00e9rie de mosa\u00efques repr\u00e9sentant des peintures ayant \u00e9t\u00e9 peintes dans cette localit\u00e9. De <strong>nombreuses galeries d\u2019art<\/strong> inondent les rues de la \u00ab ville des peintres \u00bb. Les amateurs de po\u00e9sie se rendront sur la <a href=\"https:\/\/www.camping-le-calagogo.fr\/de\/aktuelles-vom-campingplatz-saint-cyprien\/das-grab-des-dichters-antonio-machado-in-collioure\/\">tombe d\u2019Antonio Machado<\/a>, toujours couverte de fleurs et o\u00f9 l\u2019on peut laisser des messages dans une bo\u00eete pr\u00e9vue \u00e0 cet effet. Une fa\u00e7on on ne peut plus originale de faire vos adieux \u00e0 la ville !<\/p>\n\n\r\n    <\/div>\r\n<\/section>","protected":false},"excerpt":{"rendered":"","protected":false},"author":1,"featured_media":2824462,"comment_status":"closed","ping_status":"closed","sticky":false,"template":"","format":"standard","meta":{"_acf_changed":false,"_seopress_robots_primary_cat":"none","_seopress_titles_title":"","_seopress_titles_desc":"","_seopress_robots_index":"","inline_featured_image":false,"footnotes":""},"categories":[64],"tags":[],"sujet":[],"class_list":["post-2822103","post","type-post","status-publish","format-standard","has-post-thumbnail","hentry","category-aktuelles-vom-campingplatz-saint-cyprien"],"acf":[],"_links":{"self":[{"href":"https:\/\/www.camping-le-calagogo.fr\/de\/wp-json\/wp\/v2\/posts\/2822103","targetHints":{"allow":["GET"]}}],"collection":[{"href":"https:\/\/www.camping-le-calagogo.fr\/de\/wp-json\/wp\/v2\/posts"}],"about":[{"href":"https:\/\/www.camping-le-calagogo.fr\/de\/wp-json\/wp\/v2\/types\/post"}],"author":[{"embeddable":true,"href":"https:\/\/www.camping-le-calagogo.fr\/de\/wp-json\/wp\/v2\/users\/1"}],"replies":[{"embeddable":true,"href":"https:\/\/www.camping-le-calagogo.fr\/de\/wp-json\/wp\/v2\/comments?post=2822103"}],"version-history":[{"count":7,"href":"https:\/\/www.camping-le-calagogo.fr\/de\/wp-json\/wp\/v2\/posts\/2822103\/revisions"}],"predecessor-version":[{"id":2845803,"href":"https:\/\/www.camping-le-calagogo.fr\/de\/wp-json\/wp\/v2\/posts\/2822103\/revisions\/2845803"}],"wp:featuredmedia":[{"embeddable":true,"href":"https:\/\/www.camping-le-calagogo.fr\/de\/wp-json\/wp\/v2\/media\/2824462"}],"wp:attachment":[{"href":"https:\/\/www.camping-le-calagogo.fr\/de\/wp-json\/wp\/v2\/media?parent=2822103"}],"wp:term":[{"taxonomy":"category","embeddable":true,"href":"https:\/\/www.camping-le-calagogo.fr\/de\/wp-json\/wp\/v2\/categories?post=2822103"},{"taxonomy":"post_tag","embeddable":true,"href":"https:\/\/www.camping-le-calagogo.fr\/de\/wp-json\/wp\/v2\/tags?post=2822103"},{"taxonomy":"sujet","embeddable":true,"href":"https:\/\/www.camping-le-calagogo.fr\/de\/wp-json\/wp\/v2\/sujet?post=2822103"}],"curies":[{"name":"wp","href":"https:\/\/api.w.org\/{rel}","templated":true}]}}