{"id":2822127,"date":"2023-12-18T13:18:06","date_gmt":"2023-12-18T12:18:06","guid":{"rendered":"https:\/\/www.camping-le-calagogo.fr\/actu-camping-saint-cyprien\/das-grab-des-dichters-antonio-machado-in-collioure\/"},"modified":"2024-01-12T14:09:16","modified_gmt":"2024-01-12T13:09:16","slug":"das-grab-des-dichters-antonio-machado-in-collioure","status":"publish","type":"post","link":"https:\/\/www.camping-le-calagogo.fr\/de\/aktuelles-vom-campingplatz-saint-cyprien\/das-grab-des-dichters-antonio-machado-in-collioure\/","title":{"rendered":"Das Grab des Dichters Antonio Machado in Collioure"},"content":{"rendered":"<section id=\"ls-section-block_fdd6835f3042163e1e0dd4d5c9f0a143\" class=\"ls-section \" >\r\n        <div class=\"container \">\r\n        \n\n<h2 class=\"ls__heading wp-block-heading\">Warum befindet sich das Grab des spanischen Dichters Antonio Machado ausgerechnet in Frankreich?<\/h2>\n\n\n\n<p class=\"ls-paragraph\">In dem malerischen Ort Collioure auf der anderen Seite der Pyren\u00e4en, hinter der franz\u00f6sischen Grenze, bleibt die Erinnerung an den ber\u00fchmten spanischen Dichter Antonio Machado bis heute lebendig. Machado war einer der f\u00fchrenden Vertreter der literarischen Bewegung \u201eGeneration 98\u201c und gilt bis heute als einer der bekanntesten spanischen Intellektuellen des 20. Jahrhunderts. In seiner Autobiografie schreibt Machado von seiner \u201egro\u00dfen Liebe f\u00fcr Spanien\u201c, w\u00e4hrend des Spanischen B\u00fcrgerkriegs musste er als bekennender Republikaner wie so viele andere sein Heimatland jedoch verlassen, um in Frankreich Zuflucht vor dem faschistischen Regime von Franco zu suchen. Als Machado Collioure am 27. Januar 1939 erreichte, war er bereits schwer erkrankt. Nur einen Monat sp\u00e4ter starb der Dichter am 22. Februar 1939. Collioure entwickelte sich im Laufe der Jahre zu einer Enklave, in der sich auch viele andere spanische Exilanten niederlie\u00dfen.<\/p>\n\n\n\n<iframe width=\"100%\" height=\"550\" src=\"https:\/\/www.youtube.com\/embed\/HokqT5hptnw?si=5bxzh0Ls6R6AsTuN\" title=\"YouTube video player\" frameborder=\"0\" allow=\"accelerometer; autoplay; clipboard-write; encrypted-media; gyroscope; picture-in-picture; web-share\" allowfullscreen><\/iframe>\n\n\n\n<h2 class=\"ls__heading wp-block-heading\">Collioure &#8211; Antonio Machados Zuhause f\u00fcr die Ewigkeit<\/h2>\n\n\n\n<p class=\"ls-paragraph\">Antonio Machado wurde nach seinem Tod auf dem kleinen und bescheidenen Friedhof von Collioure beigesetzt. Zahlreiche Intellektuelle und die franz\u00f6sischen Beh\u00f6rden wollten ihn lieber nach Paris \u00fcberf\u00fchren, um ihm dort die letzte Ehre zu erweisen. Machados Familie zog es jedoch vor, dass er in der K\u00fcstenstadt Collioure seine ewige Ruhe finden sollte. Die Entscheidung begr\u00fcndete sein Bruder Miguel mit einem Wunsch Machados, den er kurz vor seinem Tod \u00e4u\u00dferte als er auf die vielen kleinen Fischerh\u00e4user am Strand von Collioure blickte: \u201eWer k\u00f6nnte hinter einem dieser Fenster leben, frei von jeder Sorge?\u201c.&nbsp;<span style=\"letter-spacing: 0.2px;\">Die Worte Machados f\u00fchrten schlie\u00dflich dazu, dass seine Familie die Hafenstadt Collioure als letzte Ruhest\u00e4tte des Dichters ausw\u00e4hlte.&nbsp;<\/span><\/p>\n\n\n\n<p class=\"ls-paragraph\">Seitdem ist das Grab von Antonio Machado auf dem Friedhof von Collioure zu einem wahrhaftigen Pilgerzentrum f\u00fcr Liebhaber seiner Werke geworden, die diesen Ort aus Bewunderung sowohl f\u00fcr sein menschliches als auch poetisches Verm\u00e4chtnis besuchen. Das Grab ist immer mit frischen Blumen, Notizen, Gedichten und republikanischen Flaggen geschm\u00fcckt &#8211; die an den Grund erinnern, warum der Dichter seine Heimat verlassen und ins Exil nach Frankreich fliehen musste. Sie k\u00f6nnen w\u00e4hrend Ihres <a href=\"\/de\/\">Campingaufenthaltes in Cala Gogo<\/a> dorthin gelangen.<\/p>\n\n\n\n<h2 class=\"ls__heading wp-block-heading\">Collioure \u2013 ein Ort, an dem Kunst und Exil nahe beieinander liegen<\/h2>\n\n\n\n<p class=\"ls-paragraph\">Die Stadt Collioure war zugleich auch Zufluchtsort vieler Landsleute Machados, die vor dem Grauen des Spanischen B\u00fcrgerkriegs und der Schreckensherrschaft Francos geflohen sind. Als das imposante Schloss von Collioure mitten im Spanischen B\u00fcrgerkrieg und nur einen Monat nach Machados Tod zu einem Internierungslager f\u00fcr geflohene spanische Republikaner wurde, konnten es viele Exil-Spanier kaum fassen, dass die Geschichte eine solche Wendung nahm.<\/p>\n\n\n\n<p class=\"ls-paragraph\">Neben diesem dunklen Kapitel der Geschichte ist Collioure seit jeher immer auch ein beliebter Ort bei K\u00fcnstlern gewesen, die hier Inspiration f\u00fcr ihre Werke suchten. Allen voran die ber\u00fchmten Maler Andr\u00e9 Derain, Pablo Picasso oder Henri Matisse kehrten immer wieder in die Stadt am Meer zur\u00fcck. In den Landschaftsbildern, die hier entstanden, sollten sich \u201ealle Farben des Mittelmeers\u201c widerspiegeln. Nicht zuletzt hat auch die Kunstrichtung des Fauvismus hier ihren Ursprung.&nbsp;<span style=\"letter-spacing: 0.2px;\">Collioure wird deshalb gerne auch die \u201eStadt der Maler\u201c genannt, was den au\u00dfergew\u00f6hnlichen Charme der Stadt ausmacht: Die farbenfrohen Hausfassaden, die kleinen verwinkelten Gassen, das besondere historische Erbe und der idyllische Fischereihafen machen die Stadt zu einem besonderen und beliebten Ziel f\u00fcr Besucher und Bewunderer des spanischen Dichters Machado, der seine letzten Tage damit verbrachte, an den malerischen Str\u00e4nden der Umgebung spazieren zu gehen.<\/span><\/p>\n\n\n\n<p class=\"ls-paragraph\">Wer Collioure besucht, wird schnell von der Sch\u00f6nheit der Umgebung und dem Charme des Ortes in den Bann gezogen. Die Stadt, die das Grab von Antonio Machado beherbergt und die Erinnerung an den gro\u00dfen spanischen Dichter bewahrt, ist sicherlich eine Reise wert.<\/p>\n\n\r\n    <\/div>\r\n<\/section>","protected":false},"excerpt":{"rendered":"","protected":false},"author":1,"featured_media":2709137,"comment_status":"closed","ping_status":"closed","sticky":false,"template":"","format":"standard","meta":{"_acf_changed":false,"_seopress_robots_primary_cat":"none","_seopress_titles_title":"","_seopress_titles_desc":"","_seopress_robots_index":"","inline_featured_image":false,"footnotes":""},"categories":[64],"tags":[],"sujet":[],"class_list":["post-2822127","post","type-post","status-publish","format-standard","has-post-thumbnail","hentry","category-aktuelles-vom-campingplatz-saint-cyprien"],"acf":[],"_links":{"self":[{"href":"https:\/\/www.camping-le-calagogo.fr\/de\/wp-json\/wp\/v2\/posts\/2822127","targetHints":{"allow":["GET"]}}],"collection":[{"href":"https:\/\/www.camping-le-calagogo.fr\/de\/wp-json\/wp\/v2\/posts"}],"about":[{"href":"https:\/\/www.camping-le-calagogo.fr\/de\/wp-json\/wp\/v2\/types\/post"}],"author":[{"embeddable":true,"href":"https:\/\/www.camping-le-calagogo.fr\/de\/wp-json\/wp\/v2\/users\/1"}],"replies":[{"embeddable":true,"href":"https:\/\/www.camping-le-calagogo.fr\/de\/wp-json\/wp\/v2\/comments?post=2822127"}],"version-history":[{"count":2,"href":"https:\/\/www.camping-le-calagogo.fr\/de\/wp-json\/wp\/v2\/posts\/2822127\/revisions"}],"predecessor-version":[{"id":2823503,"href":"https:\/\/www.camping-le-calagogo.fr\/de\/wp-json\/wp\/v2\/posts\/2822127\/revisions\/2823503"}],"wp:featuredmedia":[{"embeddable":true,"href":"https:\/\/www.camping-le-calagogo.fr\/de\/wp-json\/wp\/v2\/media\/2709137"}],"wp:attachment":[{"href":"https:\/\/www.camping-le-calagogo.fr\/de\/wp-json\/wp\/v2\/media?parent=2822127"}],"wp:term":[{"taxonomy":"category","embeddable":true,"href":"https:\/\/www.camping-le-calagogo.fr\/de\/wp-json\/wp\/v2\/categories?post=2822127"},{"taxonomy":"post_tag","embeddable":true,"href":"https:\/\/www.camping-le-calagogo.fr\/de\/wp-json\/wp\/v2\/tags?post=2822127"},{"taxonomy":"sujet","embeddable":true,"href":"https:\/\/www.camping-le-calagogo.fr\/de\/wp-json\/wp\/v2\/sujet?post=2822127"}],"curies":[{"name":"wp","href":"https:\/\/api.w.org\/{rel}","templated":true}]}}