{"id":2822198,"date":"2023-12-18T13:18:16","date_gmt":"2023-12-18T12:18:16","guid":{"rendered":"https:\/\/www.camping-le-calagogo.fr\/actu-camping-saint-cyprien\/entdecken-sie-banyuls-sur-mer\/"},"modified":"2024-01-12T14:09:14","modified_gmt":"2024-01-12T13:09:14","slug":"entdecken-sie-banyuls-sur-mer","status":"publish","type":"post","link":"https:\/\/www.camping-le-calagogo.fr\/de\/aktuelles-vom-campingplatz-saint-cyprien\/entdecken-sie-banyuls-sur-mer\/","title":{"rendered":"Entdecken Sie Banyuls-sur-Mer"},"content":{"rendered":"<section id=\"ls-section-block_abca616345f38449ca639b755f26d88b\" class=\"ls-section \" >\r\n        <div class=\"container container--wide\">\r\n        \n\n<p class=\"ls-paragraph\">In <strong>Banyuls-sur-Mer<\/strong> erwarten Sie viele Eindr\u00fccke &#8211; angefangen vom wundersch\u00f6nen Hafen \u00fcber die imposanten Weinberge bis hin zu den h\u00fcbschen Gassen des Cap d\u00b4Osna. Verweilen Sie in der Heimat des ber\u00fchmten Bildhauers Aristide Maillol allein, zu zweit oder mit der ganzen Familie. Entdecken Sie auf eigene Faust die Wege durch die auf 6000 km ausgebreiteten Weinterrassen oder nutzen Sie die M\u00f6glichkeit von gef\u00fchrten Wanderungen.<\/p>\n\n\n\n<p class=\"ls-paragraph\">Mit dem t\u00e4glich verkehrenden Zug ben\u00f6tigen Sie nur rund 15 Minuten, um von unserem <strong>Campingplatz in Argel\u00e8s-sur-Mer<\/strong> nach Banyuls-sur-Mer zu reisen. Wir empfehlen Ihnen bei einem Besuch von Banyuls-sur-Mer im D\u00e9partement <a href=\"https:\/\/www.camping-le-calagogo.fr\/de\/tourismus-pyrenees-orientales\/\" data-type=\"page\" data-id=\"2708570\">Pyr\u00e9n\u00e9es-Orientales<\/a> folgende Aktivit\u00e4ten: Unterwasserpfade zum Erkunden der mediterranen Wasserwelt. Einen\u00a0K\u00fcstenpfad f\u00fcr ge\u00fcbte Wanderfreunde.\u00a0Mediterrane G\u00e4rten mit Biodiversarium. Weinfeste mit Verkostungen im Herbst<\/p>\n\n\n\n<h2 class=\"ls__heading wp-block-heading\">Unterwasserpfad zum Erkunden der mediterranen Wasserwelt<\/h2>\n\n\n\n<p class=\"ls-paragraph\">Probieren Sie einfach etwas Neues in Ihrem Urlaub und besuchen Sie den <strong>Unterwasserpfad<\/strong>, welcher jedes Jahr im Sommer am <strong>Strand von Peyrefite<\/strong> in einer gesch\u00fctzten Bucht eingerichtet wird. In nur wenigen Metern Wassertiefe k\u00f6nnen Sie (anhand einer markierten Route) den felsigen Meeresboden mit seiner lokalen mediterranen Unterwasserwelt erkunden. Der Unterwasserpfad dient als Bildungsraum f\u00fcr alle Interessierten und wurde entsprechend jeden Alters konzipiert.<\/p>\n\n\n\n<h2 class=\"ls__heading wp-block-heading\">Mediterrane G\u00e4rten mit Biodiversarium<\/h2>\n\n\n\n<p class=\"ls-paragraph\">Im <strong>Mediterraner Garten von Mas de la Serre<\/strong> finden Sie Ruhe und Entspannnung sowie das bekannte <a href=\"https:\/\/www.camping-le-calagogo.fr\/de\/aktuelles-vom-campingplatz-saint-cyprien\/biodiversarium-in-banyuls-sur-mer\/\" data-type=\"post\" data-id=\"2822143\"><strong>Biodiversarium<\/strong><\/a>. Wandern Sie durch den drei Hektar gro\u00dfen Park und genie\u00dfen Sie einen au\u00dfergew\u00f6hnlichen Blick auf das Hinterland von Banyulenc. Auf drei Au\u00dfenterrassen und den Innenr\u00e4umen pr\u00e4sentieren sich die verschiedensten tempor\u00e4ren oder permanenten Ausstellungen.<\/p>\n\n\n\n<p class=\"ls-paragraph\">Das sehr milde Mikroklima im Mediterranen Garten f\u00f6rdert das Wachstum der vielf\u00e4ltigen Flora und Fauna. So k\u00f6nnen Sie heutzutage mehr als 500 verschiedene Pflanzenarten bewundern. Dazu kommen eine Vielzahl von Insekten, V\u00f6geln und Flederm\u00e4usen, die sich zwischen den Pflanzen tummeln und beliebte Fotomotive f\u00fcr Naturfotografen liefern.<\/p>\n\n\n\n<iframe width=\"100%\" height=\"550\" src=\"https:\/\/www.youtube.com\/embed\/FOo93arUbo0?si=1RGlgce_osZWDNqh\" title=\"YouTube video player\" frameborder=\"0\" allow=\"accelerometer; autoplay; clipboard-write; encrypted-media; gyroscope; picture-in-picture; web-share\" allowfullscreen><\/iframe>\n\n\n\n<h2 class=\"ls__heading wp-block-heading\">K\u00fcstenpfad f\u00fcr ge\u00fcbte Wanderfreunde<\/h2>\n\n\n\n<p class=\"ls-paragraph\">Wandern ist ein beliebtes Hobby, welches gerade im Urlaub viel Spa\u00df macht. Nutzen Sie deshalb den <strong>K\u00fcstenweg von Banyuls-sur-Mer<\/strong> in Richtung Cap B\u00e9ar oder nach Port-Vendres. Der K\u00fcstenweg nach Cerb\u00e8re f\u00fchrt Sie am Hafen entlang \u00fcber die All\u00e9es Maillol und zur Esplanade des Laboratoire Arago. Riechen Sie dabei den herrlichen Duft der regionalen Pflanzen wie Rosmarin, Zistrosen, Heidekraut oder Ginster.<\/p>\n\n\n\n<p class=\"ls-paragraph\">F\u00fcr die rund 32 Kilometer lange Strecke sollten Sie bereits \u00fcber einige Erfahrungen mit l\u00e4ngeren Wanderungen und festes Schuhwerk verf\u00fcgen. Belohnt werden Sie am Ende mit ph\u00e4nomenalen Ausblicken auf die C\u00f4te Vermeille!<\/p>\n\n\n\n<h2 class=\"ls__heading wp-block-heading\">Weinfeste mit Verkostungen im Herbst<\/h2>\n\n\n\n<p class=\"ls-paragraph\">Auf dem <strong>Weingut Cru Banyuls &amp; Collioure<\/strong> empfangen Sie Winzer mit k\u00f6stlichen Weinproben, Kellerbesichtigungen oder Geschmacks-Workshops. Nutzen Sie Ihren Urlaub, um Weine aus der Region zu probieren und gleichzeitig an Workshops teilzunehmen. Erweitert wird das Angebot des Weingutes durch Ausstellungen, Winzeressen oder musikalische Unterhaltungsshows.<\/p>\n\n\n\n<p class=\"ls-paragraph\">Notieren Sie sich schon jetzt f\u00fcr den <strong>Herbst 2022 ein besonderes Highlight<\/strong>: Mehr als 10 Winzer des Cru Banyuls Collioure kredenzen Ihnen am 09. Und 10. Oktober \u00fcber 100 Cuv\u00e9es bei einer Verkostung. Eine weitere au\u00dfergew\u00f6hnliche Veranstaltung findet bereits am 7. Oktober 2022 statt: Im Bartissol-Saal empfangen Sie anl\u00e4sslich des 50j\u00e4hrigen Jubil\u00e4ums der Appellation Cru Collioure K\u00f6che und Winzer, um Ihnen ein vielversprechendes Men\u00fc zu servieren.<\/p>\n\n\r\n    <\/div>\r\n<\/section>","protected":false},"excerpt":{"rendered":"","protected":false},"author":1,"featured_media":2824485,"comment_status":"closed","ping_status":"closed","sticky":false,"template":"","format":"standard","meta":{"_acf_changed":false,"_seopress_robots_primary_cat":"none","_seopress_titles_title":"","_seopress_titles_desc":"","_seopress_robots_index":"","inline_featured_image":false,"footnotes":""},"categories":[64],"tags":[],"sujet":[],"class_list":["post-2822198","post","type-post","status-publish","format-standard","has-post-thumbnail","hentry","category-aktuelles-vom-campingplatz-saint-cyprien"],"acf":[],"_links":{"self":[{"href":"https:\/\/www.camping-le-calagogo.fr\/de\/wp-json\/wp\/v2\/posts\/2822198","targetHints":{"allow":["GET"]}}],"collection":[{"href":"https:\/\/www.camping-le-calagogo.fr\/de\/wp-json\/wp\/v2\/posts"}],"about":[{"href":"https:\/\/www.camping-le-calagogo.fr\/de\/wp-json\/wp\/v2\/types\/post"}],"author":[{"embeddable":true,"href":"https:\/\/www.camping-le-calagogo.fr\/de\/wp-json\/wp\/v2\/users\/1"}],"replies":[{"embeddable":true,"href":"https:\/\/www.camping-le-calagogo.fr\/de\/wp-json\/wp\/v2\/comments?post=2822198"}],"version-history":[{"count":5,"href":"https:\/\/www.camping-le-calagogo.fr\/de\/wp-json\/wp\/v2\/posts\/2822198\/revisions"}],"predecessor-version":[{"id":2826705,"href":"https:\/\/www.camping-le-calagogo.fr\/de\/wp-json\/wp\/v2\/posts\/2822198\/revisions\/2826705"}],"wp:featuredmedia":[{"embeddable":true,"href":"https:\/\/www.camping-le-calagogo.fr\/de\/wp-json\/wp\/v2\/media\/2824485"}],"wp:attachment":[{"href":"https:\/\/www.camping-le-calagogo.fr\/de\/wp-json\/wp\/v2\/media?parent=2822198"}],"wp:term":[{"taxonomy":"category","embeddable":true,"href":"https:\/\/www.camping-le-calagogo.fr\/de\/wp-json\/wp\/v2\/categories?post=2822198"},{"taxonomy":"post_tag","embeddable":true,"href":"https:\/\/www.camping-le-calagogo.fr\/de\/wp-json\/wp\/v2\/tags?post=2822198"},{"taxonomy":"sujet","embeddable":true,"href":"https:\/\/www.camping-le-calagogo.fr\/de\/wp-json\/wp\/v2\/sujet?post=2822198"}],"curies":[{"name":"wp","href":"https:\/\/api.w.org\/{rel}","templated":true}]}}